
{"id":12837,"date":"2012-02-10T15:51:02","date_gmt":"2012-02-10T18:51:02","guid":{"rendered":"http:\/\/www.sudoestehoje.com.br\/novoportal\/?p=12837"},"modified":"2012-02-10T15:57:37","modified_gmt":"2012-02-10T18:57:37","slug":"macarani-morre-em-conquista-o-ex-prefeito-juarez-fernandes","status":"publish","type":"post","link":"https:\/\/www.sudoestehoje.com.br\/novoportal\/2012\/02\/10\/macarani-morre-em-conquista-o-ex-prefeito-juarez-fernandes\/","title":{"rendered":"MACARANI: MORRE EM CONQUISTA O EX-PREFEITO JUAREZ FERNANDES"},"content":{"rendered":"<p><img decoding=\"async\" class=\"aligncenter\" src=\"http:\/\/www.macaraninews.com.br\/wp-content\/uploads\/2012\/02\/Dr.-Juarez-300x225.jpg\" alt=\"\" width=\"400\" \/><\/p>\n<p>&nbsp;<\/p>\n<p>MACARANI: O advogado e ex-prefeito de Macarani, Dr. Juarez Fernandes faleceu hoje (10), por volta da 11h, em Vit\u00f3ria da Conquista. Dr. Juarez Fernandes governou Macarani de 1973 a 1976 e sempre exerceu forte lideran\u00e7a pol\u00edtica na regi\u00e3o.\u00a0Atualmente exercia o cargo de Defensor P\u00fablico Municipal. Com problemas card\u00edacos, Juarez Fernandes foi encaminhado \u00e0 cidade de Vit\u00f3ria da Conquista, onde foi submetido a uma cirurgia para desobstru\u00e7\u00e3o das principais art\u00e9rias do cora\u00e7\u00e3o, vindo a falecer por complica\u00e7\u00f5es p\u00f3s cir\u00fargicas.\u00a0A not\u00edcia deixou um enorme vazio na cidade de Macarani, onde Juarez sempre morou e exerceu a profiss\u00e3o de advogado.\u00a0O vel\u00f3rio ocorrer\u00e1 na C\u00e2mara de Vereadores de Macarani, a partir das 17h do dia de hoje.<\/p>\n<p>Informa\u00e7\u00f5es do <em>Macarani News<\/em><\/p>\n","protected":false},"excerpt":{"rendered":"<p>&nbsp; MACARANI: O advogado e ex-prefeito de Macarani, Dr. Juarez Fernandes faleceu hoje (10), por volta da 11h, em Vit\u00f3ria da Conquista. Dr. Juarez Fernandes governou Macarani de 1973 a 1976 e sempre exerceu forte lideran\u00e7a pol\u00edtica na regi\u00e3o.\u00a0Atualmente exercia o cargo de Defensor P\u00fablico Municipal. Com problemas card\u00edacos, Juarez Fernandes foi encaminhado \u00e0 cidade [&hellip;]<\/p>\n","protected":false},"author":2,"featured_media":0,"comment_status":"open","ping_status":"open","sticky":false,"template":"","format":"standard","meta":{"footnotes":"","_links_to":"","_links_to_target":""},"categories":[1],"tags":[],"class_list":["post-12837","post","type-post","status-publish","format-standard","hentry","category-geral"],"views":1271,"_links":{"self":[{"href":"https:\/\/www.sudoestehoje.com.br\/novoportal\/wp-json\/wp\/v2\/posts\/12837","targetHints":{"allow":["GET"]}}],"collection":[{"href":"https:\/\/www.sudoestehoje.com.br\/novoportal\/wp-json\/wp\/v2\/posts"}],"about":[{"href":"https:\/\/www.sudoestehoje.com.br\/novoportal\/wp-json\/wp\/v2\/types\/post"}],"author":[{"embeddable":true,"href":"https:\/\/www.sudoestehoje.com.br\/novoportal\/wp-json\/wp\/v2\/users\/2"}],"replies":[{"embeddable":true,"href":"https:\/\/www.sudoestehoje.com.br\/novoportal\/wp-json\/wp\/v2\/comments?post=12837"}],"version-history":[{"count":5,"href":"https:\/\/www.sudoestehoje.com.br\/novoportal\/wp-json\/wp\/v2\/posts\/12837\/revisions"}],"predecessor-version":[{"id":12840,"href":"https:\/\/www.sudoestehoje.com.br\/novoportal\/wp-json\/wp\/v2\/posts\/12837\/revisions\/12840"}],"wp:attachment":[{"href":"https:\/\/www.sudoestehoje.com.br\/novoportal\/wp-json\/wp\/v2\/media?parent=12837"}],"wp:term":[{"taxonomy":"category","embeddable":true,"href":"https:\/\/www.sudoestehoje.com.br\/novoportal\/wp-json\/wp\/v2\/categories?post=12837"},{"taxonomy":"post_tag","embeddable":true,"href":"https:\/\/www.sudoestehoje.com.br\/novoportal\/wp-json\/wp\/v2\/tags?post=12837"}],"curies":[{"name":"wp","href":"https:\/\/api.w.org\/{rel}","templated":true}]}}