
{"id":1283,"date":"2010-10-16T21:26:23","date_gmt":"2010-10-17T00:26:23","guid":{"rendered":"http:\/\/www.sudoestehoje.com.br\/novoportal\/?p=1283"},"modified":"2010-10-16T21:34:45","modified_gmt":"2010-10-17T00:34:45","slug":"a-falta-de-credibilidade-dos-politicos-na-visao-de-um-jovem-de-15-anos","status":"publish","type":"post","link":"https:\/\/www.sudoestehoje.com.br\/novoportal\/2010\/10\/16\/a-falta-de-credibilidade-dos-politicos-na-visao-de-um-jovem-de-15-anos\/","title":{"rendered":"A falta de credibilidade dos pol\u00edticos, na vis\u00e3o de um jovem de 15 anos"},"content":{"rendered":"<p style=\"text-align: center;\"><a href=\"http:\/\/www.macaraninews.com.br\/wp-content\/uploads\/2010\/10\/16092010201.jpg\"><img loading=\"lazy\" decoding=\"async\" title=\"16092010201\" src=\"http:\/\/www.macaraninews.com.br\/wp-content\/uploads\/2010\/10\/16092010201-225x300.jpg\" alt=\"\" width=\"225\" height=\"300\" \/><\/a><\/p>\n<p style=\"text-align: center;\">Vin\u00edcius Ferraz Sim\u00f5es \u00e9 estudante da Cooedita<\/p>\n<p>\u00a0<\/p>\n<p>Por Vinicius Ferraz Sim\u00f5es<\/p>\n<p>Estamos habituados a termos uma vis\u00e3o distorcida do que \u00e9 pol\u00edtico, achamos que \u00e9 aquele cara que s\u00f3 vem na nossa casa, nos conhecer de 4 em 4 anos, mas isso n\u00e3o \u00e9 totalmente mentira. Um dia parei para pensar para onde v\u00e3o tanto dinheiro que pagamos de impostos, j\u00e1 que eu n\u00e3o vejo uma educa\u00e7\u00e3o de qualidade, sei que pessoas morrem em leitos de hospitais, e agora me chega super \u2013 her\u00f3is dizendo que se eleito ir\u00e1 acabar com todos os problemas e a sociedade viver\u00e1 como num conto de fadas ter\u00e1 o seu final feliz.<\/p>\n<p>Cultivamos uma ideia que o Brasil \u00e9 um pa\u00eds democr\u00e1tico, mas que democracia \u00e9 essa que obriga o cidad\u00e3o a votar? Pois se ele n\u00e3o votar ele corre o risco de ser punido? Para onde v\u00e3o a orat\u00f3ria dos pol\u00edticos empregada nos seus 3 meses de campanha, n\u00e3o vejo que os mesmos se empenhem tanto com o bem do povo como eles se empenham na hora de serem eleitos, qual o motivo disso tudo? J\u00e1 que ele est\u00e1 la para trabalhar para o bem do povo. Pessoas passam horas em hospitais, professores n\u00e3o s\u00e3o valorizados ser\u00e1 que eles n\u00e3o percebem que eles j\u00e1 passaram por m\u00e3os dos professores?<\/p>\n<p>Diversos programas j\u00e1 existem a favor da erradica\u00e7\u00e3o da fome, o atual governo colocou o Fome \u201czero\u201d, que programa \u00e9 esse? Que deixou 14 milh\u00f5es de brasileiros passando fome, o que vejo \u00e9 uma falta de bom \u2013 senso na hora de elaborarem propostas descentes e que ser\u00e3o cumpridas esse sim para me \u00e9 o verdadeiro pol\u00edtico, aquele que promete e faz, al\u00e9m de pol\u00edtico ele pode ser considerado um homem de exemplo, se eles s\u00e3o os escolhidos para nos defender que cumpram o seu papel.<\/p>\n<p>Nessa elei\u00e7\u00e3o vamos olhar para as propostas de cada um, e ver em quem vamos dar o voto, com a sua pr\u00f3pria concep\u00e7\u00e3o notar se aquelas propostas s\u00e3o capazes de ser cumpridas, pois existem propostas irreais em planos de governo. E fa\u00e7o um apelo aquele presidente eleito no pr\u00f3ximo dia 31 de outubro, que olhe para todos e principalmente por quem tem menos condi\u00e7\u00e3o de sobreviver, aquele que n\u00e3o tem como pagar um plano de sa\u00fade, pois a elite j\u00e1 est\u00e1 estabilizada financeiramente.<\/p>\n<p>Vin\u00edcius Ferraz de Andrade Sim\u00f5es \u00e9\u00a0Itapetinguense, tem\u00a015 anos, estuda\u00a0o\u00a01\u00ba ano do esino m\u00e9dio e j\u00e1 \u00e9 destaque como<strong> jovem lideran\u00e7a.<\/strong><\/p>\n<p><strong>Mat\u00e9ria postada no Macarani News<\/strong><\/p>\n","protected":false},"excerpt":{"rendered":"<p>Vin\u00edcius Ferraz Sim\u00f5es \u00e9 estudante da Cooedita \u00a0 Por Vinicius Ferraz Sim\u00f5es Estamos habituados a termos uma vis\u00e3o distorcida do que \u00e9 pol\u00edtico, achamos que \u00e9 aquele cara que s\u00f3 vem na nossa casa, nos conhecer de 4 em 4 anos, mas isso n\u00e3o \u00e9 totalmente mentira. Um dia parei para pensar para onde v\u00e3o [&hellip;]<\/p>\n","protected":false},"author":2,"featured_media":0,"comment_status":"open","ping_status":"open","sticky":false,"template":"","format":"standard","meta":{"footnotes":"","_links_to":"","_links_to_target":""},"categories":[10],"tags":[],"class_list":["post-1283","post","type-post","status-publish","format-standard","hentry","category-itapetinga"],"views":4239,"_links":{"self":[{"href":"https:\/\/www.sudoestehoje.com.br\/novoportal\/wp-json\/wp\/v2\/posts\/1283","targetHints":{"allow":["GET"]}}],"collection":[{"href":"https:\/\/www.sudoestehoje.com.br\/novoportal\/wp-json\/wp\/v2\/posts"}],"about":[{"href":"https:\/\/www.sudoestehoje.com.br\/novoportal\/wp-json\/wp\/v2\/types\/post"}],"author":[{"embeddable":true,"href":"https:\/\/www.sudoestehoje.com.br\/novoportal\/wp-json\/wp\/v2\/users\/2"}],"replies":[{"embeddable":true,"href":"https:\/\/www.sudoestehoje.com.br\/novoportal\/wp-json\/wp\/v2\/comments?post=1283"}],"version-history":[{"count":7,"href":"https:\/\/www.sudoestehoje.com.br\/novoportal\/wp-json\/wp\/v2\/posts\/1283\/revisions"}],"predecessor-version":[{"id":1287,"href":"https:\/\/www.sudoestehoje.com.br\/novoportal\/wp-json\/wp\/v2\/posts\/1283\/revisions\/1287"}],"wp:attachment":[{"href":"https:\/\/www.sudoestehoje.com.br\/novoportal\/wp-json\/wp\/v2\/media?parent=1283"}],"wp:term":[{"taxonomy":"category","embeddable":true,"href":"https:\/\/www.sudoestehoje.com.br\/novoportal\/wp-json\/wp\/v2\/categories?post=1283"},{"taxonomy":"post_tag","embeddable":true,"href":"https:\/\/www.sudoestehoje.com.br\/novoportal\/wp-json\/wp\/v2\/tags?post=1283"}],"curies":[{"name":"wp","href":"https:\/\/api.w.org\/{rel}","templated":true}]}}