
{"id":12829,"date":"2012-02-10T15:34:10","date_gmt":"2012-02-10T18:34:10","guid":{"rendered":"http:\/\/www.sudoestehoje.com.br\/novoportal\/?p=12829"},"modified":"2012-02-10T15:37:06","modified_gmt":"2012-02-10T18:37:07","slug":"conquista-pms-se-preparam-para-retornarem-as-ruas-ainda-hoje","status":"publish","type":"post","link":"https:\/\/www.sudoestehoje.com.br\/novoportal\/2012\/02\/10\/conquista-pms-se-preparam-para-retornarem-as-ruas-ainda-hoje\/","title":{"rendered":"CONQUISTA: PMs SE PREPARAM PARA RETORNAR \u00c0S RUAS AINDA HOJE"},"content":{"rendered":"<p><img decoding=\"async\" class=\"aligncenter\" src=\"http:\/\/www.blogdoanderson.com\/v2\/wp-content\/uploads\/2012\/02\/DSC_0236.jpg\" alt=\"\" \/><\/p>\n<p style=\"text-align: center;\"><em>Viaturas da PM est\u00e3o sendo preparadas para retornarem \u00e0s rondas<\/em><\/p>\n<p>&nbsp;<\/p>\n<p>VIT\u00d3RIA DA CONQUISTA:\u00a0A tropa da 77\u00aa Companhia Independente da Pol\u00edcia Militar (77\u00aa CIPM) encontra-se reunida discutindo a possibilidade de retorno \u00e0s ruas da Zona Leste de Vit\u00f3ria da Conquista ainda na tarde dessa sexta-feira (10), informou o major M\u00facio Vasconcelos. J\u00e1 a Zona Oeste, \u00e1rea da 78\u00ba CIPM, dever\u00e1 contar com o retorno dos policiais militares dentro de alguns instantes.<\/p>\n<p>Os policiais militares j\u00e1 se organizam para retornarem \u00e0s ruas de Vit\u00f3ria da Conquista. Por telefone com o Blog do Anderson poucos minutos antes das 16 horas, o major M\u00facio Vasconcelos, comandante da 77\u00aa Companhia Independente da Pol\u00edcia Militar (77\u00aa CIPM), informou que a sua tropa j\u00e1 prepara as viaturas.<\/p>\n","protected":false},"excerpt":{"rendered":"<p>Viaturas da PM est\u00e3o sendo preparadas para retornarem \u00e0s rondas &nbsp; VIT\u00d3RIA DA CONQUISTA:\u00a0A tropa da 77\u00aa Companhia Independente da Pol\u00edcia Militar (77\u00aa CIPM) encontra-se reunida discutindo a possibilidade de retorno \u00e0s ruas da Zona Leste de Vit\u00f3ria da Conquista ainda na tarde dessa sexta-feira (10), informou o major M\u00facio Vasconcelos. J\u00e1 a Zona Oeste, [&hellip;]<\/p>\n","protected":false},"author":2,"featured_media":0,"comment_status":"open","ping_status":"open","sticky":false,"template":"","format":"standard","meta":{"footnotes":"","_links_to":"","_links_to_target":""},"categories":[1],"tags":[],"class_list":["post-12829","post","type-post","status-publish","format-standard","hentry","category-geral"],"views":1153,"_links":{"self":[{"href":"https:\/\/www.sudoestehoje.com.br\/novoportal\/wp-json\/wp\/v2\/posts\/12829","targetHints":{"allow":["GET"]}}],"collection":[{"href":"https:\/\/www.sudoestehoje.com.br\/novoportal\/wp-json\/wp\/v2\/posts"}],"about":[{"href":"https:\/\/www.sudoestehoje.com.br\/novoportal\/wp-json\/wp\/v2\/types\/post"}],"author":[{"embeddable":true,"href":"https:\/\/www.sudoestehoje.com.br\/novoportal\/wp-json\/wp\/v2\/users\/2"}],"replies":[{"embeddable":true,"href":"https:\/\/www.sudoestehoje.com.br\/novoportal\/wp-json\/wp\/v2\/comments?post=12829"}],"version-history":[{"count":4,"href":"https:\/\/www.sudoestehoje.com.br\/novoportal\/wp-json\/wp\/v2\/posts\/12829\/revisions"}],"predecessor-version":[{"id":12832,"href":"https:\/\/www.sudoestehoje.com.br\/novoportal\/wp-json\/wp\/v2\/posts\/12829\/revisions\/12832"}],"wp:attachment":[{"href":"https:\/\/www.sudoestehoje.com.br\/novoportal\/wp-json\/wp\/v2\/media?parent=12829"}],"wp:term":[{"taxonomy":"category","embeddable":true,"href":"https:\/\/www.sudoestehoje.com.br\/novoportal\/wp-json\/wp\/v2\/categories?post=12829"},{"taxonomy":"post_tag","embeddable":true,"href":"https:\/\/www.sudoestehoje.com.br\/novoportal\/wp-json\/wp\/v2\/tags?post=12829"}],"curies":[{"name":"wp","href":"https:\/\/api.w.org\/{rel}","templated":true}]}}