
{"id":12825,"date":"2012-02-10T12:33:50","date_gmt":"2012-02-10T15:33:50","guid":{"rendered":"http:\/\/www.sudoestehoje.com.br\/novoportal\/?p=12825"},"modified":"2012-02-10T12:33:50","modified_gmt":"2012-02-10T15:33:50","slug":"fim-da-greve-esta-decretado-diz-comandante-geral-da-pm","status":"publish","type":"post","link":"https:\/\/www.sudoestehoje.com.br\/novoportal\/2012\/02\/10\/fim-da-greve-esta-decretado-diz-comandante-geral-da-pm\/","title":{"rendered":"&#8220;FIM DA GREVE EST\u00c1 DECRETADO&#8221;, DIZ COMANDANTE GERAL DA PM"},"content":{"rendered":"<p style=\"text-align: center;\"><img decoding=\"async\" class=\"aligncenter\" src=\"http:\/\/www.bahianoticias.com.br\/fotos\/principal_noticias\/110943\/IMAGEM_NOTICIA_5.jpg\" alt=\"'O fim da greve est\u00e1 decretado', diz comandante-geral da PM\" width=\"400\" \/><\/p>\n<p style=\"text-align: center;\"><em>Coronel Alfredo Castro,\u00a0comandante-geral da Pol\u00edcia Militar da Bahia<\/em><\/p>\n<p>&nbsp;<\/p>\n<p>O comandante-geral da Pol\u00edcia Militar da Bahia, coronel Alfredo Castro, afirmou, em entrevista coletiva na manh\u00e3 desta sexta-feira (10), no audit\u00f3rio do Quartel do Comando-Geral, Largo dos Aflitos, que a paralisa\u00e7\u00e3o da PM j\u00e1 foi encerrada. \u201cNa minha \u00f3tica, o fim da greve est\u00e1 decretado. Apenas uma pequena minoria resiste \u00e0 convoca\u00e7\u00e3o para voltar ao trabalho. Tudo tem come\u00e7o, meio e fim. E o final da greve est\u00e1 decretado\u201d, atestou. O coronel tamb\u00e9m avisou que quem n\u00e3o retornar \u00e0s atividades imediatamente estar\u00e1 sujeito a abertura de processo administrativo e eventual puni\u00e7\u00e3o. \u201cA partir de hoje, a falta n\u00e3o ser\u00e1 tomada como ades\u00e3o a paralisa\u00e7\u00f5es\u201d, alertou.\u00a0Segundo ele, a falta de policiamento agora \u00e9 \u201capenas pontual\u201d. Castro declarou que, at\u00e9 as 9h de sexta, 85% do efetivo da pol\u00edcia na capital e Regi\u00e3o Metropolitana de Salvador (RMS) tinha retornado ao trabalho. \u201cA maioria das cidades do Oeste j\u00e1 voltou e, no Norte, todos os munic\u00edpios retornaram\u201d, disse. Castro admitiu, entretanto, que algumas interven\u00e7\u00f5es para \u201cdesmobilizar\u201d o movimento grevista ainda ocorrem na regi\u00e3o Sul. O coronel informou que os bairros soteropolitanos identificados com pouco policiamento, como Cajazeiras e alguns pontos do Sub\u00farbio Ferrovi\u00e1rio, recebem tropas da reserva, como a Choque e a Caatinga.\u00a0Nesta sexta, o movimento grevista iniciado pela Associa\u00e7\u00e3o dos Policiais, Bombeiros e dos seus Familiares da Bahia (Aspra) completou 11 dias. BN<\/p>\n","protected":false},"excerpt":{"rendered":"<p>Coronel Alfredo Castro,\u00a0comandante-geral da Pol\u00edcia Militar da Bahia &nbsp; O comandante-geral da Pol\u00edcia Militar da Bahia, coronel Alfredo Castro, afirmou, em entrevista coletiva na manh\u00e3 desta sexta-feira (10), no audit\u00f3rio do Quartel do Comando-Geral, Largo dos Aflitos, que a paralisa\u00e7\u00e3o da PM j\u00e1 foi encerrada. \u201cNa minha \u00f3tica, o fim da greve est\u00e1 decretado. Apenas [&hellip;]<\/p>\n","protected":false},"author":2,"featured_media":0,"comment_status":"open","ping_status":"open","sticky":false,"template":"","format":"standard","meta":{"footnotes":"","_links_to":"","_links_to_target":""},"categories":[1],"tags":[],"class_list":["post-12825","post","type-post","status-publish","format-standard","hentry","category-geral"],"views":1709,"_links":{"self":[{"href":"https:\/\/www.sudoestehoje.com.br\/novoportal\/wp-json\/wp\/v2\/posts\/12825","targetHints":{"allow":["GET"]}}],"collection":[{"href":"https:\/\/www.sudoestehoje.com.br\/novoportal\/wp-json\/wp\/v2\/posts"}],"about":[{"href":"https:\/\/www.sudoestehoje.com.br\/novoportal\/wp-json\/wp\/v2\/types\/post"}],"author":[{"embeddable":true,"href":"https:\/\/www.sudoestehoje.com.br\/novoportal\/wp-json\/wp\/v2\/users\/2"}],"replies":[{"embeddable":true,"href":"https:\/\/www.sudoestehoje.com.br\/novoportal\/wp-json\/wp\/v2\/comments?post=12825"}],"version-history":[{"count":3,"href":"https:\/\/www.sudoestehoje.com.br\/novoportal\/wp-json\/wp\/v2\/posts\/12825\/revisions"}],"predecessor-version":[{"id":12828,"href":"https:\/\/www.sudoestehoje.com.br\/novoportal\/wp-json\/wp\/v2\/posts\/12825\/revisions\/12828"}],"wp:attachment":[{"href":"https:\/\/www.sudoestehoje.com.br\/novoportal\/wp-json\/wp\/v2\/media?parent=12825"}],"wp:term":[{"taxonomy":"category","embeddable":true,"href":"https:\/\/www.sudoestehoje.com.br\/novoportal\/wp-json\/wp\/v2\/categories?post=12825"},{"taxonomy":"post_tag","embeddable":true,"href":"https:\/\/www.sudoestehoje.com.br\/novoportal\/wp-json\/wp\/v2\/tags?post=12825"}],"curies":[{"name":"wp","href":"https:\/\/api.w.org\/{rel}","templated":true}]}}