
{"id":12808,"date":"2012-02-09T19:27:35","date_gmt":"2012-02-09T22:27:35","guid":{"rendered":"http:\/\/www.sudoestehoje.com.br\/novoportal\/?p=12808"},"modified":"2012-02-09T19:27:35","modified_gmt":"2012-02-09T22:27:35","slug":"cara-de-um-focinho-do-outro","status":"publish","type":"post","link":"https:\/\/www.sudoestehoje.com.br\/novoportal\/2012\/02\/09\/cara-de-um-focinho-do-outro\/","title":{"rendered":"CARA DE UM, FOCINHO DO OUTRO&#8230;"},"content":{"rendered":"<p><strong><img decoding=\"async\" class=\"aligncenter\" src=\"http:\/\/www.pimenta.blog.br\/wp-content\/uploads\/gerson-sergipano-correio-da-bahia-foto-do-leitor.jpg\" alt=\"\" width=\"500\" \/><\/strong><\/p>\n<p>Um leitor do <em>Correio<\/em> descobriu a figura a\u00ed acima em dias de f\u00e9rias na Praia do Forte. N\u00e3o, o nome do cabra n\u00e3o \u00e9 Wagner. \u00c9 Gerson. Veio de Sergipe para curtir as f\u00e9rias no litoral baiano. Confundido com o governador baiano, \u00e9 chamado a dar fim na greve da PM e outras demandas. At\u00e9 j\u00e1 pensa em fazer a barba pra diminuir o ass\u00e9dio. Sem cach\u00ea da Gillette, por enquanto\u2026<\/p>\n","protected":false},"excerpt":{"rendered":"<p>Um leitor do Correio descobriu a figura a\u00ed acima em dias de f\u00e9rias na Praia do Forte. N\u00e3o, o nome do cabra n\u00e3o \u00e9 Wagner. \u00c9 Gerson. Veio de Sergipe para curtir as f\u00e9rias no litoral baiano. Confundido com o governador baiano, \u00e9 chamado a dar fim na greve da PM e outras demandas. At\u00e9 [&hellip;]<\/p>\n","protected":false},"author":2,"featured_media":0,"comment_status":"open","ping_status":"open","sticky":false,"template":"","format":"standard","meta":{"footnotes":"","_links_to":"","_links_to_target":""},"categories":[1],"tags":[],"class_list":["post-12808","post","type-post","status-publish","format-standard","hentry","category-geral"],"views":1077,"_links":{"self":[{"href":"https:\/\/www.sudoestehoje.com.br\/novoportal\/wp-json\/wp\/v2\/posts\/12808","targetHints":{"allow":["GET"]}}],"collection":[{"href":"https:\/\/www.sudoestehoje.com.br\/novoportal\/wp-json\/wp\/v2\/posts"}],"about":[{"href":"https:\/\/www.sudoestehoje.com.br\/novoportal\/wp-json\/wp\/v2\/types\/post"}],"author":[{"embeddable":true,"href":"https:\/\/www.sudoestehoje.com.br\/novoportal\/wp-json\/wp\/v2\/users\/2"}],"replies":[{"embeddable":true,"href":"https:\/\/www.sudoestehoje.com.br\/novoportal\/wp-json\/wp\/v2\/comments?post=12808"}],"version-history":[{"count":2,"href":"https:\/\/www.sudoestehoje.com.br\/novoportal\/wp-json\/wp\/v2\/posts\/12808\/revisions"}],"predecessor-version":[{"id":12810,"href":"https:\/\/www.sudoestehoje.com.br\/novoportal\/wp-json\/wp\/v2\/posts\/12808\/revisions\/12810"}],"wp:attachment":[{"href":"https:\/\/www.sudoestehoje.com.br\/novoportal\/wp-json\/wp\/v2\/media?parent=12808"}],"wp:term":[{"taxonomy":"category","embeddable":true,"href":"https:\/\/www.sudoestehoje.com.br\/novoportal\/wp-json\/wp\/v2\/categories?post=12808"},{"taxonomy":"post_tag","embeddable":true,"href":"https:\/\/www.sudoestehoje.com.br\/novoportal\/wp-json\/wp\/v2\/tags?post=12808"}],"curies":[{"name":"wp","href":"https:\/\/api.w.org\/{rel}","templated":true}]}}