
{"id":128,"date":"2010-09-18T12:37:52","date_gmt":"2010-09-18T15:37:52","guid":{"rendered":"http:\/\/sudoestehoje.tempsite.ws\/novoportal\/?p=128"},"modified":"2014-09-02T23:49:57","modified_gmt":"2014-09-03T02:49:57","slug":"marina-silva-e-bem-recebida-pelo-povo-de-conquista","status":"publish","type":"post","link":"https:\/\/www.sudoestehoje.com.br\/novoportal\/2010\/09\/18\/marina-silva-e-bem-recebida-pelo-povo-de-conquista\/","title":{"rendered":"Marina Silva \u00e9 bem recebida pelo povo de Conquista"},"content":{"rendered":"<div>\n<div>\n<p>&nbsp;<\/p>\n<p>&nbsp;<\/p>\n<p>&nbsp;<\/p>\n<p>&nbsp;<\/p>\n<div style=\"text-align: center;\"><img decoding=\"async\" style=\"border: 0px initial initial;\" title=\"DSC_0026\" src=\"http:\/\/www.blogdaresenhageral.com.br\/v1\/wp-content\/uploads\/DSC_00261-300x200.jpg\" alt=\"\" width=\"500\" border=\"0\" \/><\/div>\n<div style=\"text-align: center;\">Marina agradou em cheio a juventude de Conquista<\/div>\n<p>&nbsp;<\/p>\n<p>VIT\u00d3RIA DA CONQUISTA: A tarde desta sexta-feira (17) foi bastante diferente em Vit\u00f3ria da Conquista. A cidade recebeu, at\u00e9 agora, a \u00fanica candidata a Presid\u00eancia da Rep\u00fablica, Marina Silva (PV). A Ex-Ministra do Meio Ambiente desembarcou por volta das 15h30 no aeroporto Pedro Otac\u00edlio de Figueiredo. Logo depois, se dirigiu ao Hotel Livramento onde concedeu entrevista a imprensa.<\/p>\n<p>Ap\u00f3s conversa com os rep\u00f3rteres, Marina subiu no palco localizado na Pra\u00e7a Bar\u00e3o do Rio Branco e participou de com\u00edcio para cerca de mil pessoas, que receberam de bra\u00e7os abertos e com muita simpatia a candidata. \u201cQuero fazer uma pol\u00edtica diferente. Atualmente, os eleitores n\u00e3o valorizam as propostas, fruto da falta de credibilidade da categoria. Existem pol\u00edticos que ganham as elei\u00e7\u00f5es abrindo m\u00e3o dos seus princ\u00edpios e posso garantir que n\u00e3o agimos dessa forma\u201d, alfinetou.<\/p>\n<p>&nbsp;<\/p>\n<p>&nbsp;<\/p>\n<p>&nbsp;<\/p>\n<p style=\"text-align: center;\"><img decoding=\"async\" class=\"aligncenter\" style=\"border: 0px initial initial;\" title=\"DSC_0018\" src=\"http:\/\/www.blogdaresenhageral.com.br\/v1\/wp-content\/uploads\/DSC_0018-300x200.jpg\" alt=\"\" width=\"500\" border=\"0\" \/><\/p>\n<p style=\"text-align: center;\">Pra\u00e7a Bar\u00e3o do Rio Branco ficou lotada<\/p>\n<p>Al\u00e9m disso, pediu para que os pol\u00edticos atuem de uma forma inovadora, respeitando os gestores, mesmo os que n\u00e3o pertencem ao mesmo partido. \u201cSomente dessa forma viveremos num pa\u00eds unido e que vise, sempre, a melhoria na qualidade de vida da popula\u00e7\u00e3o\u201d.<\/p>\n<p>Tamb\u00e9m participaram do evento o candidato ao governo da Bahia e senado, respectivamente Luiz Bassuma e Edson Duarte, al\u00e9m de prefeitos, vereadores e candidatos a deputado estadual e federal da regi\u00e3o Sudoeste. Por Rodrigo Ferraz ( Blog da Resenha Geral)<\/p>\n<\/div>\n<\/div>\n","protected":false},"excerpt":{"rendered":"<p>&nbsp; &nbsp; &nbsp; &nbsp; Marina agradou em cheio a juventude de Conquista &nbsp; VIT\u00d3RIA DA CONQUISTA: A tarde desta sexta-feira (17) foi bastante diferente em Vit\u00f3ria da Conquista. A cidade recebeu, at\u00e9 agora, a \u00fanica candidata a Presid\u00eancia da Rep\u00fablica, Marina Silva (PV). A Ex-Ministra do Meio Ambiente desembarcou por volta das 15h30 no aeroporto [&hellip;]<\/p>\n","protected":false},"author":1,"featured_media":0,"comment_status":"open","ping_status":"open","sticky":false,"template":"","format":"standard","meta":{"footnotes":"","_links_to":"","_links_to_target":""},"categories":[7,5],"tags":[],"class_list":["post-128","post","type-post","status-publish","format-standard","hentry","category-policia","category-regiao"],"views":1333,"_links":{"self":[{"href":"https:\/\/www.sudoestehoje.com.br\/novoportal\/wp-json\/wp\/v2\/posts\/128","targetHints":{"allow":["GET"]}}],"collection":[{"href":"https:\/\/www.sudoestehoje.com.br\/novoportal\/wp-json\/wp\/v2\/posts"}],"about":[{"href":"https:\/\/www.sudoestehoje.com.br\/novoportal\/wp-json\/wp\/v2\/types\/post"}],"author":[{"embeddable":true,"href":"https:\/\/www.sudoestehoje.com.br\/novoportal\/wp-json\/wp\/v2\/users\/1"}],"replies":[{"embeddable":true,"href":"https:\/\/www.sudoestehoje.com.br\/novoportal\/wp-json\/wp\/v2\/comments?post=128"}],"version-history":[{"count":6,"href":"https:\/\/www.sudoestehoje.com.br\/novoportal\/wp-json\/wp\/v2\/posts\/128\/revisions"}],"predecessor-version":[{"id":41237,"href":"https:\/\/www.sudoestehoje.com.br\/novoportal\/wp-json\/wp\/v2\/posts\/128\/revisions\/41237"}],"wp:attachment":[{"href":"https:\/\/www.sudoestehoje.com.br\/novoportal\/wp-json\/wp\/v2\/media?parent=128"}],"wp:term":[{"taxonomy":"category","embeddable":true,"href":"https:\/\/www.sudoestehoje.com.br\/novoportal\/wp-json\/wp\/v2\/categories?post=128"},{"taxonomy":"post_tag","embeddable":true,"href":"https:\/\/www.sudoestehoje.com.br\/novoportal\/wp-json\/wp\/v2\/tags?post=128"}],"curies":[{"name":"wp","href":"https:\/\/api.w.org\/{rel}","templated":true}]}}