
{"id":12781,"date":"2012-02-09T08:18:39","date_gmt":"2012-02-09T11:18:39","guid":{"rendered":"http:\/\/www.sudoestehoje.com.br\/novoportal\/?p=12781"},"modified":"2012-02-09T08:18:39","modified_gmt":"2012-02-09T11:18:39","slug":"prisco-e-preso-e-greve-da-pm-deve-enfim-acabar","status":"publish","type":"post","link":"https:\/\/www.sudoestehoje.com.br\/novoportal\/2012\/02\/09\/prisco-e-preso-e-greve-da-pm-deve-enfim-acabar\/","title":{"rendered":"PRISCO \u00c9 PRESO E GREVE DA PM DEVE, ENFIM, ACABAR"},"content":{"rendered":"<p><img decoding=\"async\" class=\"aligncenter\" src=\"http:\/\/www.bahianoticias.com.br\/fotos\/principal_noticias\/110847\/IMAGEM_NOTICIA_5.jpg\" alt=\"PM relata invas\u00e3o de Prisco a batalh\u00e3o e o classifica de \u2018delinquente\u2019; l\u00edder grevista tentou matar colega\" width=\"400\" \/><\/p>\n<p>&nbsp;<\/p>\n<p>O l\u00edder do movimento grevista da PM Marco Prisco e outro policial militar, Ant\u00f4nio Paulo Angelino, foram os \u00faltimos a desocupar o pr\u00e9dio da Assembleia Legislativa. De acordo com o tenente coronel M\u00e1rcio Cunha, respons\u00e1vel pela comunica\u00e7\u00e3o do Ex\u00e9rcito, os dois manifestantes pediram que durante a desocupa\u00e7\u00e3o eles sa\u00edssem pelos fundos. \u201cN\u00f3s garantimos a integridade f\u00edsica deles e eles sa\u00edram pelos fundos. Os dois respons\u00e1veis pelo movimento grevista foram levados para a pris\u00e3o do Ex\u00e9rcito, na Avenida Paralela. Prisco resolveu dar fim ao movimento depois que grava\u00e7\u00f5es onde ele aparecia dando ordens para os militares fazerem terror na cidade foram divulgadas. A greve j\u00e1 durava nove dias. Ele tamb\u00e9m \u00e9 apontado como respons\u00e1vel pelo movimento grevista da Pol\u00edcia em 2001, quando atos semelhantes aconteceram na cidade. Marco Prisco \u00e9 ex-soldado do Corpo de Bombeiros da Pol\u00edcia Militar da Bahia e foi expulso da corpora\u00e7\u00e3o em 2002.<\/p>\n<p><strong><em>Pol\u00edtica Livre<\/em><\/strong><\/p>\n<p>&nbsp;<\/p>\n","protected":false},"excerpt":{"rendered":"<p>&nbsp; O l\u00edder do movimento grevista da PM Marco Prisco e outro policial militar, Ant\u00f4nio Paulo Angelino, foram os \u00faltimos a desocupar o pr\u00e9dio da Assembleia Legislativa. De acordo com o tenente coronel M\u00e1rcio Cunha, respons\u00e1vel pela comunica\u00e7\u00e3o do Ex\u00e9rcito, os dois manifestantes pediram que durante a desocupa\u00e7\u00e3o eles sa\u00edssem pelos fundos. \u201cN\u00f3s garantimos a [&hellip;]<\/p>\n","protected":false},"author":2,"featured_media":0,"comment_status":"open","ping_status":"open","sticky":false,"template":"","format":"standard","meta":{"footnotes":"","_links_to":"","_links_to_target":""},"categories":[1],"tags":[],"class_list":["post-12781","post","type-post","status-publish","format-standard","hentry","category-geral"],"views":1276,"_links":{"self":[{"href":"https:\/\/www.sudoestehoje.com.br\/novoportal\/wp-json\/wp\/v2\/posts\/12781","targetHints":{"allow":["GET"]}}],"collection":[{"href":"https:\/\/www.sudoestehoje.com.br\/novoportal\/wp-json\/wp\/v2\/posts"}],"about":[{"href":"https:\/\/www.sudoestehoje.com.br\/novoportal\/wp-json\/wp\/v2\/types\/post"}],"author":[{"embeddable":true,"href":"https:\/\/www.sudoestehoje.com.br\/novoportal\/wp-json\/wp\/v2\/users\/2"}],"replies":[{"embeddable":true,"href":"https:\/\/www.sudoestehoje.com.br\/novoportal\/wp-json\/wp\/v2\/comments?post=12781"}],"version-history":[{"count":4,"href":"https:\/\/www.sudoestehoje.com.br\/novoportal\/wp-json\/wp\/v2\/posts\/12781\/revisions"}],"predecessor-version":[{"id":12785,"href":"https:\/\/www.sudoestehoje.com.br\/novoportal\/wp-json\/wp\/v2\/posts\/12781\/revisions\/12785"}],"wp:attachment":[{"href":"https:\/\/www.sudoestehoje.com.br\/novoportal\/wp-json\/wp\/v2\/media?parent=12781"}],"wp:term":[{"taxonomy":"category","embeddable":true,"href":"https:\/\/www.sudoestehoje.com.br\/novoportal\/wp-json\/wp\/v2\/categories?post=12781"},{"taxonomy":"post_tag","embeddable":true,"href":"https:\/\/www.sudoestehoje.com.br\/novoportal\/wp-json\/wp\/v2\/tags?post=12781"}],"curies":[{"name":"wp","href":"https:\/\/api.w.org\/{rel}","templated":true}]}}