
{"id":12775,"date":"2012-02-09T08:12:08","date_gmt":"2012-02-09T11:12:08","guid":{"rendered":"http:\/\/www.sudoestehoje.com.br\/novoportal\/?p=12775"},"modified":"2012-02-09T08:32:16","modified_gmt":"2012-02-09T11:32:16","slug":"pms-amotinados-desocupam-assembleia-legislativa","status":"publish","type":"post","link":"https:\/\/www.sudoestehoje.com.br\/novoportal\/2012\/02\/09\/pms-amotinados-desocupam-assembleia-legislativa\/","title":{"rendered":"PMs AMOTINADOS DESOCUPAM ASSEMBL\u00c9IA LEGISLATIVA"},"content":{"rendered":"<p><img decoding=\"async\" class=\"aligncenter\" src=\"http:\/\/www.politicalivre.com.br\/wp-content\/thumbgen_cache\/073eeb1ea5482fda0c8110c8187beebf.jpg\" alt=\"\" width=\"400\" \/><\/p>\n<p>Policiais militares grevistas come\u00e7aram a deixar o pr\u00e9dio da Assembleia Legislativa, em Salvador, pouco depois das 6h desta quinta-feira, quando a ocupa\u00e7\u00e3o do local completava dez dias. A sa\u00edda foi anunciada ainda na madrugada pelo advogado do grupo. Primeiro, formou-se uma fila de manifestantes para que seja negociada a libera\u00e7\u00e3o junto a homens do Ex\u00e9rcito. A sa\u00edda ocorre de forma pac\u00edfica e organizada. Cinco mulheres tamb\u00e9m deixaram o pr\u00e9dio. (G1)<\/p>\n","protected":false},"excerpt":{"rendered":"<p>Policiais militares grevistas come\u00e7aram a deixar o pr\u00e9dio da Assembleia Legislativa, em Salvador, pouco depois das 6h desta quinta-feira, quando a ocupa\u00e7\u00e3o do local completava dez dias. A sa\u00edda foi anunciada ainda na madrugada pelo advogado do grupo. Primeiro, formou-se uma fila de manifestantes para que seja negociada a libera\u00e7\u00e3o junto a homens do Ex\u00e9rcito. [&hellip;]<\/p>\n","protected":false},"author":2,"featured_media":0,"comment_status":"open","ping_status":"open","sticky":false,"template":"","format":"standard","meta":{"footnotes":"","_links_to":"","_links_to_target":""},"categories":[1],"tags":[],"class_list":["post-12775","post","type-post","status-publish","format-standard","hentry","category-geral"],"views":1109,"_links":{"self":[{"href":"https:\/\/www.sudoestehoje.com.br\/novoportal\/wp-json\/wp\/v2\/posts\/12775","targetHints":{"allow":["GET"]}}],"collection":[{"href":"https:\/\/www.sudoestehoje.com.br\/novoportal\/wp-json\/wp\/v2\/posts"}],"about":[{"href":"https:\/\/www.sudoestehoje.com.br\/novoportal\/wp-json\/wp\/v2\/types\/post"}],"author":[{"embeddable":true,"href":"https:\/\/www.sudoestehoje.com.br\/novoportal\/wp-json\/wp\/v2\/users\/2"}],"replies":[{"embeddable":true,"href":"https:\/\/www.sudoestehoje.com.br\/novoportal\/wp-json\/wp\/v2\/comments?post=12775"}],"version-history":[{"count":4,"href":"https:\/\/www.sudoestehoje.com.br\/novoportal\/wp-json\/wp\/v2\/posts\/12775\/revisions"}],"predecessor-version":[{"id":12787,"href":"https:\/\/www.sudoestehoje.com.br\/novoportal\/wp-json\/wp\/v2\/posts\/12775\/revisions\/12787"}],"wp:attachment":[{"href":"https:\/\/www.sudoestehoje.com.br\/novoportal\/wp-json\/wp\/v2\/media?parent=12775"}],"wp:term":[{"taxonomy":"category","embeddable":true,"href":"https:\/\/www.sudoestehoje.com.br\/novoportal\/wp-json\/wp\/v2\/categories?post=12775"},{"taxonomy":"post_tag","embeddable":true,"href":"https:\/\/www.sudoestehoje.com.br\/novoportal\/wp-json\/wp\/v2\/tags?post=12775"}],"curies":[{"name":"wp","href":"https:\/\/api.w.org\/{rel}","templated":true}]}}