
{"id":12770,"date":"2012-02-09T07:58:06","date_gmt":"2012-02-09T10:58:06","guid":{"rendered":"http:\/\/www.sudoestehoje.com.br\/novoportal\/?p=12770"},"modified":"2012-02-09T07:58:06","modified_gmt":"2012-02-09T10:58:06","slug":"magno-malta-chama-ministro-de-cara-de-pau-safado-e-meia-boca","status":"publish","type":"post","link":"https:\/\/www.sudoestehoje.com.br\/novoportal\/2012\/02\/09\/magno-malta-chama-ministro-de-cara-de-pau-safado-e-meia-boca\/","title":{"rendered":"MAGNO MALTA CHAMA MINISTRO DE &#8216;CARA DE PAU&#8217;, &#8216;SAFADO&#8217; E &#8216;MEIA-BOCA&#8217;"},"content":{"rendered":"<p><img decoding=\"async\" class=\"aligncenter\" src=\"http:\/\/gediel.com.br\/site\/wp-content\/uploads\/2011\/04\/magno-malta.jpg\" alt=\"\" width=\"400\" \/><\/p>\n<p>&nbsp;<\/p>\n<p>O senador Magno Malta (ES), l\u00edder do PR na Casa e aliado do governo Dilma Rousseff, declarou guerra santa ao ministro-chefe da Secretaria-Geral da Presid\u00eancia da Rep\u00fablica, Gilberto Carvalho, a quem chamou de \u201csafado\u201d, \u201cmentiroso\u201d, \u201cirrespons\u00e1vel\u201d, \u201ccara de pau\u201d, \u201ccamale\u00e3o\u201d e \u201cministro meia-boca\u201d. A discuss\u00e3o entre Malta, que \u00e9 evang\u00e9lico, e o ex-seminarista Carvalho teve in\u00edcio durante o F\u00f3rum Social em Porto Alegre (RS), e ganhou for\u00e7a em Bras\u00edlia. Durante o evento, o ministro aconselhou os movimentos sociais a se aproximarem dos evang\u00e9licos, \u201cuma gente que emerge para a classe m\u00e9dia, mas continua dominada por telepastores\u201d. Em discurso nesta quarta-feira (8), Malta reagiu. \u201cMente com muita facilidade, escamoteia, tem comportamento d\u00fabio [&#8230;] Temos que reagir a essa fala irrespons\u00e1vel desse ministro meia-boca. Vou falar uma coisa agora porque depois vou ser processado: safado\u201d, bradou na tribuna. Informa\u00e7\u00f5es do jornal Folha de S\u00e3o Paulo.<\/p>\n","protected":false},"excerpt":{"rendered":"<p>&nbsp; O senador Magno Malta (ES), l\u00edder do PR na Casa e aliado do governo Dilma Rousseff, declarou guerra santa ao ministro-chefe da Secretaria-Geral da Presid\u00eancia da Rep\u00fablica, Gilberto Carvalho, a quem chamou de \u201csafado\u201d, \u201cmentiroso\u201d, \u201cirrespons\u00e1vel\u201d, \u201ccara de pau\u201d, \u201ccamale\u00e3o\u201d e \u201cministro meia-boca\u201d. A discuss\u00e3o entre Malta, que \u00e9 evang\u00e9lico, e o ex-seminarista Carvalho [&hellip;]<\/p>\n","protected":false},"author":2,"featured_media":0,"comment_status":"open","ping_status":"open","sticky":false,"template":"","format":"standard","meta":{"footnotes":"","_links_to":"","_links_to_target":""},"categories":[1],"tags":[],"class_list":["post-12770","post","type-post","status-publish","format-standard","hentry","category-geral"],"views":1205,"_links":{"self":[{"href":"https:\/\/www.sudoestehoje.com.br\/novoportal\/wp-json\/wp\/v2\/posts\/12770","targetHints":{"allow":["GET"]}}],"collection":[{"href":"https:\/\/www.sudoestehoje.com.br\/novoportal\/wp-json\/wp\/v2\/posts"}],"about":[{"href":"https:\/\/www.sudoestehoje.com.br\/novoportal\/wp-json\/wp\/v2\/types\/post"}],"author":[{"embeddable":true,"href":"https:\/\/www.sudoestehoje.com.br\/novoportal\/wp-json\/wp\/v2\/users\/2"}],"replies":[{"embeddable":true,"href":"https:\/\/www.sudoestehoje.com.br\/novoportal\/wp-json\/wp\/v2\/comments?post=12770"}],"version-history":[{"count":3,"href":"https:\/\/www.sudoestehoje.com.br\/novoportal\/wp-json\/wp\/v2\/posts\/12770\/revisions"}],"predecessor-version":[{"id":12773,"href":"https:\/\/www.sudoestehoje.com.br\/novoportal\/wp-json\/wp\/v2\/posts\/12770\/revisions\/12773"}],"wp:attachment":[{"href":"https:\/\/www.sudoestehoje.com.br\/novoportal\/wp-json\/wp\/v2\/media?parent=12770"}],"wp:term":[{"taxonomy":"category","embeddable":true,"href":"https:\/\/www.sudoestehoje.com.br\/novoportal\/wp-json\/wp\/v2\/categories?post=12770"},{"taxonomy":"post_tag","embeddable":true,"href":"https:\/\/www.sudoestehoje.com.br\/novoportal\/wp-json\/wp\/v2\/tags?post=12770"}],"curies":[{"name":"wp","href":"https:\/\/api.w.org\/{rel}","templated":true}]}}