
{"id":12761,"date":"2012-02-08T21:20:10","date_gmt":"2012-02-09T00:20:10","guid":{"rendered":"http:\/\/www.sudoestehoje.com.br\/novoportal\/?p=12761"},"modified":"2012-02-08T21:50:38","modified_gmt":"2012-02-09T00:50:38","slug":"gravacoes-revelam-que-pms-grevistas-teriam-planejado-vandalismo","status":"publish","type":"post","link":"https:\/\/www.sudoestehoje.com.br\/novoportal\/2012\/02\/08\/gravacoes-revelam-que-pms-grevistas-teriam-planejado-vandalismo\/","title":{"rendered":"GRAVA\u00c7\u00d5ES REVELAM QUE MARCO PRISCO ARTICULOU VANDALISMO"},"content":{"rendered":"<p><img decoding=\"async\" class=\"aligncenter\" src=\"http:\/\/www.blogdaresenhageral.com.br\/v1\/wp-content\/uploads\/david-e-prisco-6.jpg\" alt=\"\" width=\"400\" \/><\/p>\n<p>&nbsp;<\/p>\n<p>O Jornal Nacional teve acesso a grava\u00e7\u00f5es feitas com autoriza\u00e7\u00e3o da Justi\u00e7a de conversas de l\u00edderes dos movimentos grevistas da Bahia e do Rio de Janeiro. Nas conversas gravadas entre os chefes dos PMs grevistas na Bahia mostram acertos para realiza\u00e7\u00e3o de a\u00e7\u00f5es de vandalismo na cidade. As grava\u00e7\u00f5es mostram tamb\u00e9m articula\u00e7\u00f5es para que a paralisa\u00e7\u00e3o se estenda ao Rio de Janeiro, a S\u00e3o Paulo e outros estados. Os PMs envolvidos negam participa\u00e7\u00e3o em a\u00e7\u00f5es violentas.<\/p>\n<p>No primeiro trecho, o presidente de uma associa\u00e7\u00e3o que re\u00fane bombeiros e policiais baianos, Marco Prisco, combina uma a\u00e7\u00e3o de vandalismo com um de seus liderados. Prisco nega ter participado de atos de viol\u00eancia.<\/p>\n<p>Leia abaixo um dos trechos de conversa:<!--more--><\/p>\n<p><em>&#8211;\u00a0<strong>Prisco:<\/strong>\u00a0Al\u00f4, oi. Desce toda a tropa pra c\u00e1 meu amigo. Caesg e voc\u00ea. Desce todo mundo para Salvador, meu irm\u00e3o\u2026 Tou lhe pedindo pelo Amor de Deus, desce todo mundo para c\u00e1\u2026<br \/>\n&#8211;\u00a0<strong>David Salom\u00e3o:\u00a0<\/strong>Agora?<br \/>\n&#8211;\u00a0<strong>Prisco:\u00a0<\/strong>Agora, agora. Embarque\u2026<br \/>\n&#8211;<\/em><strong>\u00a0David Salom\u00e3o<\/strong><em><strong><\/strong><strong>:\u00a0<\/strong>Eu vou queimar viatura\u2026 Eu vou queimar duas carretas agora na Rio\/Bahia que n\u00e3o vai dar tempo\u2026<br \/>\n&#8211;\u00a0<strong>Prisco:<\/strong>\u00a0fecha a BR a\u00ed meu irm\u00e3o. Fecha a BR.<\/em><\/p>\n<p>Em outra grava\u00e7\u00e3o, quem aparece falando \u00e9 o cabo bombeiro do Rio de Janeiro, Benevuto Daciolo. Ele j\u00e1 foi candidato a deputado estadual no Rio e foi um dos l\u00edderes do movimento grevista da corpora\u00e7\u00e3o no ano passado.<\/p>\n<p>Daciolo conversa com um homem a quem ele classifica de \u201cimportant\u00edssimo\u201d a respeito de uma poss\u00edvel vota\u00e7\u00e3o da PEC 300, a emenda constitucional que garantiria um piso salarial \u00fanico para bombeiros e policiais de todo o Brasil. Nesta conversa fica claro que o objetivo \u00e9 estender a greve de policiais e bombeiros a Rio de Janeiro, S\u00e3o Paulo e outros estados com o objetivo de prejudicar o carnaval.<\/p>\n<p><em><strong>Dacilolo:\u00a0<\/strong>Pergunta ao senhor que \u00e9 pessoa importantantissima a respeito da nossa PEC\u2026pergunto: qual \u00e9 a verdadeira possibilidade de n\u00f3s conseguirmos passarmos em segundo turno na semana que vem? N\u00e3o sei se o senhor sabe. Eu estou com uma assembleia Geral amanh\u00e3 no Rio de Janeiro, com a abertura de uma greve geral no Rio tamb\u00e9m, com probabilidade de n\u00e3o ter carnaval nem na Bahia nem no Rio esse ano. E S\u00e3o Paulo acho que est\u00e1 para dar uma resposta agora e os outros estados tamb\u00e9m. N\u00f3s acreditamos que, se tivesse uma resposta do governo, assinalando numa possibilidade de vota\u00e7\u00e3o no segundo turno da PEC, acalmaria muito, muito o que est\u00e1 acontecendo na Federa\u00e7\u00e3o.<\/em><\/p>\n<p>Em outro trecho, o cabo Daciolo, que estava em Salvador, ouve de uma mulher uma recomenda\u00e7\u00e3o para que tente influenciar o movimento dos grevistas baianos a n\u00e3o fechar um acordo com o governo. Segundo esta mulher, isto enfraqueceria uma poss\u00edvel greve no Rio.<\/p>\n<p><em><strong>Mulher:\u00a0<\/strong>Daciolo, Daciolo, presta aten\u00e7\u00e3o. Est\u00e1 errado fechar a negocia\u00e7\u00e3o antes da greve do Rio\u2026<br \/>\n<strong>Daciolo:<\/strong>\u00a0Tudo bem, tudo bem\u2026 sabe o que vou fazer agora??? Ligue para ele que eu vou embora daqui, n\u00e3o vou ficar mais aqui.<br \/>\n<strong>Mulher:<\/strong>\u00a0Eles n\u00e3o querendo que voc\u00ea avalize um acordo antes da greve do Rio. Depois da greve do Rio, muda tudo. Sabe como voc\u00ea vai ajudar eles? Voltando para o Rio, garantindo aqui. O governo vai fazer uma propostinha rebaixada para voc\u00eas, vai melhorar um pouquinho esse neg\u00f3cio que eles colocaram. E acho\u2026se voc\u00eas garantirem a greve aqui, a mobiliza\u00e7\u00e3o aqui, voc\u00eas v\u00e3o ajudar eles a liberar o Prisco, a ter uma negocia\u00e7\u00e3o\u2026<\/em><\/p>\n<p><strong>Outro lado<\/strong><br \/>\nOuvido pela equipe do Jornal Nacional por telefone, o cabo Daciolo disse n\u00e3o se recordar da conversa gravada e alegou estar participando de um movimento pac\u00edfico na Bahia.<\/p>\n","protected":false},"excerpt":{"rendered":"<p>&nbsp; O Jornal Nacional teve acesso a grava\u00e7\u00f5es feitas com autoriza\u00e7\u00e3o da Justi\u00e7a de conversas de l\u00edderes dos movimentos grevistas da Bahia e do Rio de Janeiro. Nas conversas gravadas entre os chefes dos PMs grevistas na Bahia mostram acertos para realiza\u00e7\u00e3o de a\u00e7\u00f5es de vandalismo na cidade. As grava\u00e7\u00f5es mostram tamb\u00e9m articula\u00e7\u00f5es para que [&hellip;]<\/p>\n","protected":false},"author":2,"featured_media":0,"comment_status":"open","ping_status":"open","sticky":false,"template":"","format":"standard","meta":{"footnotes":"","_links_to":"","_links_to_target":""},"categories":[1],"tags":[],"class_list":["post-12761","post","type-post","status-publish","format-standard","hentry","category-geral"],"views":1341,"_links":{"self":[{"href":"https:\/\/www.sudoestehoje.com.br\/novoportal\/wp-json\/wp\/v2\/posts\/12761","targetHints":{"allow":["GET"]}}],"collection":[{"href":"https:\/\/www.sudoestehoje.com.br\/novoportal\/wp-json\/wp\/v2\/posts"}],"about":[{"href":"https:\/\/www.sudoestehoje.com.br\/novoportal\/wp-json\/wp\/v2\/types\/post"}],"author":[{"embeddable":true,"href":"https:\/\/www.sudoestehoje.com.br\/novoportal\/wp-json\/wp\/v2\/users\/2"}],"replies":[{"embeddable":true,"href":"https:\/\/www.sudoestehoje.com.br\/novoportal\/wp-json\/wp\/v2\/comments?post=12761"}],"version-history":[{"count":4,"href":"https:\/\/www.sudoestehoje.com.br\/novoportal\/wp-json\/wp\/v2\/posts\/12761\/revisions"}],"predecessor-version":[{"id":12764,"href":"https:\/\/www.sudoestehoje.com.br\/novoportal\/wp-json\/wp\/v2\/posts\/12761\/revisions\/12764"}],"wp:attachment":[{"href":"https:\/\/www.sudoestehoje.com.br\/novoportal\/wp-json\/wp\/v2\/media?parent=12761"}],"wp:term":[{"taxonomy":"category","embeddable":true,"href":"https:\/\/www.sudoestehoje.com.br\/novoportal\/wp-json\/wp\/v2\/categories?post=12761"},{"taxonomy":"post_tag","embeddable":true,"href":"https:\/\/www.sudoestehoje.com.br\/novoportal\/wp-json\/wp\/v2\/tags?post=12761"}],"curies":[{"name":"wp","href":"https:\/\/api.w.org\/{rel}","templated":true}]}}