
{"id":12753,"date":"2012-02-08T20:12:26","date_gmt":"2012-02-08T23:12:26","guid":{"rendered":"http:\/\/www.sudoestehoje.com.br\/novoportal\/?p=12753"},"modified":"2012-02-08T20:25:04","modified_gmt":"2012-02-08T23:25:04","slug":"general-que-comeu-bolo-com-pms-grevistas-e-afastado-do-comando","status":"publish","type":"post","link":"https:\/\/www.sudoestehoje.com.br\/novoportal\/2012\/02\/08\/general-que-comeu-bolo-com-pms-grevistas-e-afastado-do-comando\/","title":{"rendered":"GENERAL QUE COMEU BOLO COM PMs GREVISTAS \u00c9 AFASTADO DO COMANDO"},"content":{"rendered":"<p><img decoding=\"async\" class=\"aligncenter\" src=\"http:\/\/www.atarde.com.br\/arquivos\/2012\/02\/254626.jpg\" alt=\"General ganha bolo dos manifestantes\" width=\"400\" \/><\/p>\n<p style=\"text-align: center;\"><em>General ganhou bolo dos grevistas e &#8216;cart\u00e3o vermelho&#8217; do governo<\/em><\/p>\n<p>&nbsp;<\/p>\n<p>Confirmado: o general Gon\u00e7alves Dias, comandante da 6\u00aa Regi\u00e3o Militar do Ex\u00e9rcito, foi afastado hoje pelo Pal\u00e1cio do Planalto efetivamente da opera\u00e7\u00e3o contra os PMs grevistas da Bahia, depois que chorou, ontem, no dia de seu anivers\u00e1rio, ao receber um bolo de presente dos manifestantes.<\/p>\n<p>Mais cedo, foi notado o\u00a0sumi\u00e7o de Gon\u00e7alves Dias no dia de hoje das cercanias da Assembleia, antecipando, com exclusividade, que a cena de ontem, apesar de ter sido vista com simpatia por parte da imprensa, irritou profundamente os governos federal, do Estado e as For\u00e7as Armadas.<\/p>\n<p>Ainda n\u00e3o h\u00e1 confirma\u00e7\u00e3o sobre se ele permanece no comando da 6\u00aa Regi\u00e3o, mas a expectativa \u00e9 de que deixe tamb\u00e9m a fun\u00e7\u00e3o assim que a poeira abaixar.<\/p>\n<p><strong><em>Pol\u00edtica Livre<\/em><\/strong><\/p>\n","protected":false},"excerpt":{"rendered":"<p>General ganhou bolo dos grevistas e &#8216;cart\u00e3o vermelho&#8217; do governo &nbsp; Confirmado: o general Gon\u00e7alves Dias, comandante da 6\u00aa Regi\u00e3o Militar do Ex\u00e9rcito, foi afastado hoje pelo Pal\u00e1cio do Planalto efetivamente da opera\u00e7\u00e3o contra os PMs grevistas da Bahia, depois que chorou, ontem, no dia de seu anivers\u00e1rio, ao receber um bolo de presente dos [&hellip;]<\/p>\n","protected":false},"author":2,"featured_media":0,"comment_status":"open","ping_status":"open","sticky":false,"template":"","format":"standard","meta":{"footnotes":"","_links_to":"","_links_to_target":""},"categories":[1],"tags":[],"class_list":["post-12753","post","type-post","status-publish","format-standard","hentry","category-geral"],"views":1183,"_links":{"self":[{"href":"https:\/\/www.sudoestehoje.com.br\/novoportal\/wp-json\/wp\/v2\/posts\/12753","targetHints":{"allow":["GET"]}}],"collection":[{"href":"https:\/\/www.sudoestehoje.com.br\/novoportal\/wp-json\/wp\/v2\/posts"}],"about":[{"href":"https:\/\/www.sudoestehoje.com.br\/novoportal\/wp-json\/wp\/v2\/types\/post"}],"author":[{"embeddable":true,"href":"https:\/\/www.sudoestehoje.com.br\/novoportal\/wp-json\/wp\/v2\/users\/2"}],"replies":[{"embeddable":true,"href":"https:\/\/www.sudoestehoje.com.br\/novoportal\/wp-json\/wp\/v2\/comments?post=12753"}],"version-history":[{"count":7,"href":"https:\/\/www.sudoestehoje.com.br\/novoportal\/wp-json\/wp\/v2\/posts\/12753\/revisions"}],"predecessor-version":[{"id":12760,"href":"https:\/\/www.sudoestehoje.com.br\/novoportal\/wp-json\/wp\/v2\/posts\/12753\/revisions\/12760"}],"wp:attachment":[{"href":"https:\/\/www.sudoestehoje.com.br\/novoportal\/wp-json\/wp\/v2\/media?parent=12753"}],"wp:term":[{"taxonomy":"category","embeddable":true,"href":"https:\/\/www.sudoestehoje.com.br\/novoportal\/wp-json\/wp\/v2\/categories?post=12753"},{"taxonomy":"post_tag","embeddable":true,"href":"https:\/\/www.sudoestehoje.com.br\/novoportal\/wp-json\/wp\/v2\/tags?post=12753"}],"curies":[{"name":"wp","href":"https:\/\/api.w.org\/{rel}","templated":true}]}}