
{"id":12749,"date":"2012-02-08T19:50:24","date_gmt":"2012-02-08T22:50:24","guid":{"rendered":"http:\/\/www.sudoestehoje.com.br\/novoportal\/?p=12749"},"modified":"2012-02-08T19:50:24","modified_gmt":"2012-02-08T22:50:24","slug":"agentes-especiais-da-prf-ja-atuam-na-seguranca-em-conquista","status":"publish","type":"post","link":"https:\/\/www.sudoestehoje.com.br\/novoportal\/2012\/02\/08\/agentes-especiais-da-prf-ja-atuam-na-seguranca-em-conquista\/","title":{"rendered":"AGENTES ESPECIAIS DA PRF J\u00c1 ATUAM NA SEGURAN\u00c7A EM CONQUISTA"},"content":{"rendered":"<p><img decoding=\"async\" class=\"aligncenter\" src=\"http:\/\/www.pmvc.ba.gov.br\/arquivos\/images\/IMG_6725.jpg\" alt=\"\" width=\"400\" \/><\/p>\n<p>&nbsp;<\/p>\n<p>CONQUISTA: No final da tarde dessa ter\u00e7a-feira, 7, chegaram a Vit\u00f3ria da Conquista agentes e viaturas de tr\u00eas grupamentos especiais da Pol\u00edcia Rodovi\u00e1ria Federal\/PRF, oriundos do estado de Minas Gerais. Os policiais v\u00e3o ajudar na seguran\u00e7a da BR-116 e do anel vi\u00e1rio, al\u00e9m de realizar o patrulhamento preventivo dentro da cidade.<\/p>\n<p>Segundo a chefe da Delegacia da PRF em Vit\u00f3ria da Conquista, T\u00f4nia Rocha, esses agentes recebem treinamento para agir em situa\u00e7\u00f5es especiais, por isso caso seja necess\u00e1rio eles far\u00e3o interfer\u00eancia. \u201cEsse grupo veio engrossar o efetivo local a fim de que a cidade tenha\u00a0um atendimento melhor e que a gente possa enfrentar esta situa\u00e7\u00e3o com o m\u00ednimo poss\u00edvel de resultados negativos\u201d, concluiu.<\/p>\n<p>A inspetora informou ainda que desde a \u00faltima quinta-feira, 2, j\u00e1 havia um contingente maior de viaturas nas entradas e sa\u00eddas da cidade e que\u00a0hoje elas\u00a0j\u00e1 est\u00e3o dentro da cidade.<\/p>\n<p>A vinda desses agentes \u00e9 uma resposta \u00e0 solicita\u00e7\u00e3o daAdministra\u00e7\u00e3o Municipal, que, desde a \u00faltima sexta-feira,3, mant\u00e9m contato com o Governo Estadual a fim de garantir\u00a0 a seguran\u00e7a em Vit\u00f3ria da Conquista.<\/p>\n","protected":false},"excerpt":{"rendered":"<p>&nbsp; CONQUISTA: No final da tarde dessa ter\u00e7a-feira, 7, chegaram a Vit\u00f3ria da Conquista agentes e viaturas de tr\u00eas grupamentos especiais da Pol\u00edcia Rodovi\u00e1ria Federal\/PRF, oriundos do estado de Minas Gerais. Os policiais v\u00e3o ajudar na seguran\u00e7a da BR-116 e do anel vi\u00e1rio, al\u00e9m de realizar o patrulhamento preventivo dentro da cidade. Segundo a chefe [&hellip;]<\/p>\n","protected":false},"author":2,"featured_media":0,"comment_status":"open","ping_status":"open","sticky":false,"template":"","format":"standard","meta":{"footnotes":"","_links_to":"","_links_to_target":""},"categories":[1],"tags":[],"class_list":["post-12749","post","type-post","status-publish","format-standard","hentry","category-geral"],"views":1004,"_links":{"self":[{"href":"https:\/\/www.sudoestehoje.com.br\/novoportal\/wp-json\/wp\/v2\/posts\/12749","targetHints":{"allow":["GET"]}}],"collection":[{"href":"https:\/\/www.sudoestehoje.com.br\/novoportal\/wp-json\/wp\/v2\/posts"}],"about":[{"href":"https:\/\/www.sudoestehoje.com.br\/novoportal\/wp-json\/wp\/v2\/types\/post"}],"author":[{"embeddable":true,"href":"https:\/\/www.sudoestehoje.com.br\/novoportal\/wp-json\/wp\/v2\/users\/2"}],"replies":[{"embeddable":true,"href":"https:\/\/www.sudoestehoje.com.br\/novoportal\/wp-json\/wp\/v2\/comments?post=12749"}],"version-history":[{"count":3,"href":"https:\/\/www.sudoestehoje.com.br\/novoportal\/wp-json\/wp\/v2\/posts\/12749\/revisions"}],"predecessor-version":[{"id":12752,"href":"https:\/\/www.sudoestehoje.com.br\/novoportal\/wp-json\/wp\/v2\/posts\/12749\/revisions\/12752"}],"wp:attachment":[{"href":"https:\/\/www.sudoestehoje.com.br\/novoportal\/wp-json\/wp\/v2\/media?parent=12749"}],"wp:term":[{"taxonomy":"category","embeddable":true,"href":"https:\/\/www.sudoestehoje.com.br\/novoportal\/wp-json\/wp\/v2\/categories?post=12749"},{"taxonomy":"post_tag","embeddable":true,"href":"https:\/\/www.sudoestehoje.com.br\/novoportal\/wp-json\/wp\/v2\/tags?post=12749"}],"curies":[{"name":"wp","href":"https:\/\/api.w.org\/{rel}","templated":true}]}}