
{"id":12745,"date":"2012-02-08T19:46:09","date_gmt":"2012-02-08T22:46:09","guid":{"rendered":"http:\/\/www.sudoestehoje.com.br\/novoportal\/?p=12745"},"modified":"2012-02-08T19:46:09","modified_gmt":"2012-02-08T22:46:09","slug":"comercio-de-conquista-volta-a-normalidade","status":"publish","type":"post","link":"https:\/\/www.sudoestehoje.com.br\/novoportal\/2012\/02\/08\/comercio-de-conquista-volta-a-normalidade\/","title":{"rendered":"COM\u00c9RCIO DE CONQUISTA VOLTA \u00c0 NORMALIDADE"},"content":{"rendered":"<p><img decoding=\"async\" class=\"aligncenter\" src=\"http:\/\/www.cdlvca.com.br\/fotos_noticias\/conquista_centro.JPG\" alt=\"\" width=\"400\" \/><\/p>\n<p>&nbsp;<\/p>\n<p>CONQUISTA: A cidade j\u00e1 est\u00e1 voltando ao ritmo normal ap\u00f3s os acontecimentos de segunda-feira, no com\u00e9rcio. Uma onda intermin\u00e1vel de boatos espalhou medo e inseguran\u00e7a na popula\u00e7\u00e3o e fez com que os lojistas fechassem seus estabelecimentos.<\/p>\n<p>Hoje, quarta-feira, os \u00f4nibus j\u00e1 circulam com boa parte da frota, o com\u00e9rcio tamb\u00e9m est\u00e1 voltando \u00e0 normalidade e o Shopping Conquista Sul est\u00e1 funcionando normalmente.<\/p>\n<p>Por solicita\u00e7\u00e3o do Prefeito Guilherme Menezes, Agentes da Pol\u00edcia Rodovi\u00e1ria Federal chegaram em Vit\u00f3ria da Conquista, e 26 carros j\u00e1 est\u00e3o fazendo o patrulhamento pelas ruas da cidade. Ainda h\u00e1 a expectativa que seja deslocado alguns homens do ex\u00e9rcito para refor\u00e7ar a seguran\u00e7a no munic\u00edpio.<\/p>\n<p>A CDL recomenda que os lojistas mantenham suas atividades normais, por\u00e9m com precau\u00e7\u00e3o. Esperamos que a situa\u00e7\u00e3o da Pol\u00edcia Militar seja resolvida o mais breve poss\u00edvel, e os acontecimentos de segunda-feira, no Centro, sejam apurados, e os respons\u00e1veis de provocar o clima de p\u00e2nico na popula\u00e7\u00e3o, punidos.<\/p>\n<p><strong><em>Ascom CDL<\/em><\/strong><\/p>\n","protected":false},"excerpt":{"rendered":"<p>&nbsp; CONQUISTA: A cidade j\u00e1 est\u00e1 voltando ao ritmo normal ap\u00f3s os acontecimentos de segunda-feira, no com\u00e9rcio. Uma onda intermin\u00e1vel de boatos espalhou medo e inseguran\u00e7a na popula\u00e7\u00e3o e fez com que os lojistas fechassem seus estabelecimentos. Hoje, quarta-feira, os \u00f4nibus j\u00e1 circulam com boa parte da frota, o com\u00e9rcio tamb\u00e9m est\u00e1 voltando \u00e0 normalidade [&hellip;]<\/p>\n","protected":false},"author":2,"featured_media":0,"comment_status":"open","ping_status":"open","sticky":false,"template":"","format":"standard","meta":{"footnotes":"","_links_to":"","_links_to_target":""},"categories":[1],"tags":[],"class_list":["post-12745","post","type-post","status-publish","format-standard","hentry","category-geral"],"views":966,"_links":{"self":[{"href":"https:\/\/www.sudoestehoje.com.br\/novoportal\/wp-json\/wp\/v2\/posts\/12745","targetHints":{"allow":["GET"]}}],"collection":[{"href":"https:\/\/www.sudoestehoje.com.br\/novoportal\/wp-json\/wp\/v2\/posts"}],"about":[{"href":"https:\/\/www.sudoestehoje.com.br\/novoportal\/wp-json\/wp\/v2\/types\/post"}],"author":[{"embeddable":true,"href":"https:\/\/www.sudoestehoje.com.br\/novoportal\/wp-json\/wp\/v2\/users\/2"}],"replies":[{"embeddable":true,"href":"https:\/\/www.sudoestehoje.com.br\/novoportal\/wp-json\/wp\/v2\/comments?post=12745"}],"version-history":[{"count":2,"href":"https:\/\/www.sudoestehoje.com.br\/novoportal\/wp-json\/wp\/v2\/posts\/12745\/revisions"}],"predecessor-version":[{"id":12747,"href":"https:\/\/www.sudoestehoje.com.br\/novoportal\/wp-json\/wp\/v2\/posts\/12745\/revisions\/12747"}],"wp:attachment":[{"href":"https:\/\/www.sudoestehoje.com.br\/novoportal\/wp-json\/wp\/v2\/media?parent=12745"}],"wp:term":[{"taxonomy":"category","embeddable":true,"href":"https:\/\/www.sudoestehoje.com.br\/novoportal\/wp-json\/wp\/v2\/categories?post=12745"},{"taxonomy":"post_tag","embeddable":true,"href":"https:\/\/www.sudoestehoje.com.br\/novoportal\/wp-json\/wp\/v2\/tags?post=12745"}],"curies":[{"name":"wp","href":"https:\/\/api.w.org\/{rel}","templated":true}]}}