
{"id":12733,"date":"2012-02-08T08:08:46","date_gmt":"2012-02-08T11:08:46","guid":{"rendered":"http:\/\/www.sudoestehoje.com.br\/novoportal\/?p=12733"},"modified":"2012-02-08T08:10:59","modified_gmt":"2012-02-08T11:10:59","slug":"morre-o-cantor-wando","status":"publish","type":"post","link":"https:\/\/www.sudoestehoje.com.br\/novoportal\/2012\/02\/08\/morre-o-cantor-wando\/","title":{"rendered":"MORRE O CANTOR WANDO"},"content":{"rendered":"<p><img decoding=\"async\" class=\"aligncenter\" src=\"http:\/\/t0.gstatic.com\/images?q=tbn:ANd9GcR0yOKAoqgCSN_4tfhbEc55EzXuRXweawu_77Kl0FwUangtORnoDuq3Qpg2\" alt=\"\" width=\"400\" \/><\/p>\n<p>&nbsp;<\/p>\n<p>Morreu nesta quarta-feira, em Nova Lima (MG) o cantor Wando, de 66 anos, que estava internado no Centro de Terapia Intensiva (CTI) do hospital Biocor. Na madrugada da \u00faltima sexta-feira, o cantor tinha apresentado melhora e tinha retirado o dispositivo de assist\u00eancia respirat\u00f3ria. O cantor foi internado no dia 27 de janeiro. Na manh\u00e3 desse mesmo dia, Wando realizou um cateterismo card\u00edaco devido ao quadro de angina (dores no peito causadas por falta de sangue no m\u00fasculo card\u00edaco) e \u00e0 constata\u00e7\u00e3o de que alguns de seus exames estavam alterados. Na madrugada do dia 28, no entanto, ele apresentou piora, precisando ser prontamente submetido a uma angioplastia coronariana de m\u00faltiplas art\u00e9rias, sendo encaminhado ao CTI. (JB)<\/p>\n","protected":false},"excerpt":{"rendered":"<p>&nbsp; Morreu nesta quarta-feira, em Nova Lima (MG) o cantor Wando, de 66 anos, que estava internado no Centro de Terapia Intensiva (CTI) do hospital Biocor. Na madrugada da \u00faltima sexta-feira, o cantor tinha apresentado melhora e tinha retirado o dispositivo de assist\u00eancia respirat\u00f3ria. O cantor foi internado no dia 27 de janeiro. Na manh\u00e3 [&hellip;]<\/p>\n","protected":false},"author":2,"featured_media":0,"comment_status":"open","ping_status":"open","sticky":false,"template":"","format":"standard","meta":{"footnotes":"","_links_to":"","_links_to_target":""},"categories":[1],"tags":[],"class_list":["post-12733","post","type-post","status-publish","format-standard","hentry","category-geral"],"views":1121,"_links":{"self":[{"href":"https:\/\/www.sudoestehoje.com.br\/novoportal\/wp-json\/wp\/v2\/posts\/12733","targetHints":{"allow":["GET"]}}],"collection":[{"href":"https:\/\/www.sudoestehoje.com.br\/novoportal\/wp-json\/wp\/v2\/posts"}],"about":[{"href":"https:\/\/www.sudoestehoje.com.br\/novoportal\/wp-json\/wp\/v2\/types\/post"}],"author":[{"embeddable":true,"href":"https:\/\/www.sudoestehoje.com.br\/novoportal\/wp-json\/wp\/v2\/users\/2"}],"replies":[{"embeddable":true,"href":"https:\/\/www.sudoestehoje.com.br\/novoportal\/wp-json\/wp\/v2\/comments?post=12733"}],"version-history":[{"count":3,"href":"https:\/\/www.sudoestehoje.com.br\/novoportal\/wp-json\/wp\/v2\/posts\/12733\/revisions"}],"predecessor-version":[{"id":12735,"href":"https:\/\/www.sudoestehoje.com.br\/novoportal\/wp-json\/wp\/v2\/posts\/12733\/revisions\/12735"}],"wp:attachment":[{"href":"https:\/\/www.sudoestehoje.com.br\/novoportal\/wp-json\/wp\/v2\/media?parent=12733"}],"wp:term":[{"taxonomy":"category","embeddable":true,"href":"https:\/\/www.sudoestehoje.com.br\/novoportal\/wp-json\/wp\/v2\/categories?post=12733"},{"taxonomy":"post_tag","embeddable":true,"href":"https:\/\/www.sudoestehoje.com.br\/novoportal\/wp-json\/wp\/v2\/tags?post=12733"}],"curies":[{"name":"wp","href":"https:\/\/api.w.org\/{rel}","templated":true}]}}