
{"id":12718,"date":"2012-02-07T22:20:25","date_gmt":"2012-02-08T01:20:25","guid":{"rendered":"http:\/\/www.sudoestehoje.com.br\/novoportal\/?p=12718"},"modified":"2012-02-08T07:14:06","modified_gmt":"2012-02-08T10:14:06","slug":"itororo-lavadeiras-de-rio-do-meio-reclamam-do-prefeito-no-you-tube","status":"publish","type":"post","link":"https:\/\/www.sudoestehoje.com.br\/novoportal\/2012\/02\/07\/itororo-lavadeiras-de-rio-do-meio-reclamam-do-prefeito-no-you-tube\/","title":{"rendered":"ITOROR\u00d3: LAVADEIRAS DE RIO DO MEIO RECLAMAM DO PREFEITO NO YOU TUBE"},"content":{"rendered":"<p>&nbsp;<\/p>\n<h3 style=\"text-align: center;\"><a href=\"http:\/\/www.youtube.com\/watch?v=O-z2swXUV8I\"><em>lavanderia do rio do meio<\/em>\u00a0&#8211; YouTube<\/a><\/h3>\n<p> <iframe loading=\"lazy\" title=\"lavanderia do rio do meio\" width=\"500\" height=\"375\" src=\"https:\/\/www.youtube.com\/embed\/O-z2swXUV8I?feature=oembed\" frameborder=\"0\" allow=\"accelerometer; autoplay; clipboard-write; encrypted-media; gyroscope; picture-in-picture; web-share\" referrerpolicy=\"strict-origin-when-cross-origin\" allowfullscreen><\/iframe><br \/>\nRIO DO MEIO\/ITOROR\u00d3: Filmado com um celular, o v\u00eddeo que caiu no You Tube na semana passada, mostra a situa\u00e7\u00e3o de uma lavanderia abandonada pelo governo do PT de Itoror\u00f3. O v\u00eddeo retrata tamb\u00e9m a indigna\u00e7\u00e3o das lavadeiras de roupa de Rio do Meio quanto ao descaso do governo.<\/p>\n<p>Debaixo do sol quente as senhoras lavadeiras v\u00eaem no pr\u00f3prio ambiente de trabalho as marcas de um governo desleixado com o povo de Rio do Meio, al\u00e9m de colocar em risco, fam\u00edlias que v\u00eaem nos tanques e recipientes abertos a possibilidades de cria\u00e7\u00e3o de foco da dengue.<\/p>\n<p>Mas o que mais chama aten\u00e7\u00e3o no v\u00eddeo \u00e9 um galo que canta sem parar dentro da lavanderia, tentando impedir que as lavadeiras fa\u00e7am a den\u00fancia. Como voc\u00eas sabem, o \u201cgalo\u201d \u00e9 o s\u00edmbolo do governo do PT em Itoror\u00f3. Segundo se comenta, em toda reparti\u00e7\u00e3o do governo tem um galo vigiando o povo.\u00a0\u00a0O regime aqui \u00e9 brabo.<\/p>\n<p>&nbsp;<\/p>\n<div><strong><em>Milton Marinho<\/em><\/strong><\/div>\n","protected":false},"excerpt":{"rendered":"<p>&nbsp; lavanderia do rio do meio\u00a0&#8211; YouTube RIO DO MEIO\/ITOROR\u00d3: Filmado com um celular, o v\u00eddeo que caiu no You Tube na semana passada, mostra a situa\u00e7\u00e3o de uma lavanderia abandonada pelo governo do PT de Itoror\u00f3. O v\u00eddeo retrata tamb\u00e9m a indigna\u00e7\u00e3o das lavadeiras de roupa de Rio do Meio quanto ao descaso do [&hellip;]<\/p>\n","protected":false},"author":2,"featured_media":0,"comment_status":"open","ping_status":"open","sticky":false,"template":"","format":"standard","meta":{"footnotes":"","_links_to":"","_links_to_target":""},"categories":[1],"tags":[],"class_list":["post-12718","post","type-post","status-publish","format-standard","hentry","category-geral"],"views":1210,"_links":{"self":[{"href":"https:\/\/www.sudoestehoje.com.br\/novoportal\/wp-json\/wp\/v2\/posts\/12718","targetHints":{"allow":["GET"]}}],"collection":[{"href":"https:\/\/www.sudoestehoje.com.br\/novoportal\/wp-json\/wp\/v2\/posts"}],"about":[{"href":"https:\/\/www.sudoestehoje.com.br\/novoportal\/wp-json\/wp\/v2\/types\/post"}],"author":[{"embeddable":true,"href":"https:\/\/www.sudoestehoje.com.br\/novoportal\/wp-json\/wp\/v2\/users\/2"}],"replies":[{"embeddable":true,"href":"https:\/\/www.sudoestehoje.com.br\/novoportal\/wp-json\/wp\/v2\/comments?post=12718"}],"version-history":[{"count":13,"href":"https:\/\/www.sudoestehoje.com.br\/novoportal\/wp-json\/wp\/v2\/posts\/12718\/revisions"}],"predecessor-version":[{"id":12732,"href":"https:\/\/www.sudoestehoje.com.br\/novoportal\/wp-json\/wp\/v2\/posts\/12718\/revisions\/12732"}],"wp:attachment":[{"href":"https:\/\/www.sudoestehoje.com.br\/novoportal\/wp-json\/wp\/v2\/media?parent=12718"}],"wp:term":[{"taxonomy":"category","embeddable":true,"href":"https:\/\/www.sudoestehoje.com.br\/novoportal\/wp-json\/wp\/v2\/categories?post=12718"},{"taxonomy":"post_tag","embeddable":true,"href":"https:\/\/www.sudoestehoje.com.br\/novoportal\/wp-json\/wp\/v2\/tags?post=12718"}],"curies":[{"name":"wp","href":"https:\/\/api.w.org\/{rel}","templated":true}]}}