
{"id":12709,"date":"2012-02-07T18:40:34","date_gmt":"2012-02-07T21:40:34","guid":{"rendered":"http:\/\/www.sudoestehoje.com.br\/novoportal\/?p=12709"},"modified":"2012-02-07T18:40:34","modified_gmt":"2012-02-07T21:40:34","slug":"fracassa-tentativa-de-acordo-entre-governo-e-pms-grevistas","status":"publish","type":"post","link":"https:\/\/www.sudoestehoje.com.br\/novoportal\/2012\/02\/07\/fracassa-tentativa-de-acordo-entre-governo-e-pms-grevistas\/","title":{"rendered":"FRACASSA TENTATIVA DE ACORDO ENTRE GOVERNO E PMs GREVISTAS"},"content":{"rendered":"<p><img decoding=\"async\" class=\"aligncenter\" src=\"http:\/\/www.bahianoticias.com.br\/fotos\/principal_noticias\/110766\/IMAGEM_NOTICIA_5.jpg\" alt=\"Associa\u00e7\u00f5es n\u00e3o aceitam proposta do governo e policiais cantam que 'o Carnaval acabou'\" width=\"400\" \/><\/p>\n<p style=\"text-align: center;\"><em>PMs grevistas cantam\u00a0\u201c\u00f4, \u00f4, \u00f4, o carnaval acabou\u201d<\/em><\/p>\n<p>&nbsp;<\/p>\n<p>Depois de mais de sete horas seguidas de negocia\u00e7\u00f5es, terminou agora h\u00e1 pouco sem qualquer avan\u00e7o a reuni\u00e3o entre o governo do Estado e os grevistas da PM que discutia a solu\u00e7\u00e3o para o impasse do movimento, que j\u00e1 dura oito dias. Os l\u00edderes do movimento continuam exigindo anistia para os grevistas, todos com pris\u00e3o decretada, o que os representantes do governo n\u00e3o aceitam.<\/p>\n<p>CARNAVAL<\/p>\n<p>Ap\u00f3s o an\u00fancio de que a reuni\u00e3o realizada no per\u00edodo da tarde n\u00e3o teria determinado um acordo entre o governo e a categoria, PMs e pessoas que apoiam o movimento cantavam \u201c\u00d4, \u00f4, \u00f4, o carnaval acabou\u201d, em refer\u00eancia \u00e0 festa momesca prevista para come\u00e7ar na pr\u00f3xima semana, ou ainda \u201c\u00d4, \u00f4, \u00f4, \u00f4, a PM parou\u201d\u2019, reafirmando a continuidade da greve que j\u00e1 est\u00e1 em seu oitavo dia. O governador do estado da Bahia, Jaques Wagner, disse nesta ter\u00e7a-feira que garante a continuidade do carnaval, que j\u00e1 est\u00e1 com o planejamento pronto, e que a partir da pr\u00f3xima semana, dia 14, 20 mil policiais ser\u00e3o mobilizados para o evento. (G1)<\/p>\n","protected":false},"excerpt":{"rendered":"<p>PMs grevistas cantam\u00a0\u201c\u00f4, \u00f4, \u00f4, o carnaval acabou\u201d &nbsp; Depois de mais de sete horas seguidas de negocia\u00e7\u00f5es, terminou agora h\u00e1 pouco sem qualquer avan\u00e7o a reuni\u00e3o entre o governo do Estado e os grevistas da PM que discutia a solu\u00e7\u00e3o para o impasse do movimento, que j\u00e1 dura oito dias. Os l\u00edderes do movimento [&hellip;]<\/p>\n","protected":false},"author":2,"featured_media":0,"comment_status":"open","ping_status":"open","sticky":false,"template":"","format":"standard","meta":{"footnotes":"","_links_to":"","_links_to_target":""},"categories":[1],"tags":[],"class_list":["post-12709","post","type-post","status-publish","format-standard","hentry","category-geral"],"views":1210,"_links":{"self":[{"href":"https:\/\/www.sudoestehoje.com.br\/novoportal\/wp-json\/wp\/v2\/posts\/12709","targetHints":{"allow":["GET"]}}],"collection":[{"href":"https:\/\/www.sudoestehoje.com.br\/novoportal\/wp-json\/wp\/v2\/posts"}],"about":[{"href":"https:\/\/www.sudoestehoje.com.br\/novoportal\/wp-json\/wp\/v2\/types\/post"}],"author":[{"embeddable":true,"href":"https:\/\/www.sudoestehoje.com.br\/novoportal\/wp-json\/wp\/v2\/users\/2"}],"replies":[{"embeddable":true,"href":"https:\/\/www.sudoestehoje.com.br\/novoportal\/wp-json\/wp\/v2\/comments?post=12709"}],"version-history":[{"count":3,"href":"https:\/\/www.sudoestehoje.com.br\/novoportal\/wp-json\/wp\/v2\/posts\/12709\/revisions"}],"predecessor-version":[{"id":12712,"href":"https:\/\/www.sudoestehoje.com.br\/novoportal\/wp-json\/wp\/v2\/posts\/12709\/revisions\/12712"}],"wp:attachment":[{"href":"https:\/\/www.sudoestehoje.com.br\/novoportal\/wp-json\/wp\/v2\/media?parent=12709"}],"wp:term":[{"taxonomy":"category","embeddable":true,"href":"https:\/\/www.sudoestehoje.com.br\/novoportal\/wp-json\/wp\/v2\/categories?post=12709"},{"taxonomy":"post_tag","embeddable":true,"href":"https:\/\/www.sudoestehoje.com.br\/novoportal\/wp-json\/wp\/v2\/tags?post=12709"}],"curies":[{"name":"wp","href":"https:\/\/api.w.org\/{rel}","templated":true}]}}