
{"id":12685,"date":"2012-02-07T08:16:45","date_gmt":"2012-02-07T11:16:45","guid":{"rendered":"http:\/\/www.sudoestehoje.com.br\/novoportal\/?p=12685"},"modified":"2012-02-07T17:58:26","modified_gmt":"2012-02-07T20:58:26","slug":"itapetinga-governo-do-estado-inaugura-agua-de-palmares","status":"publish","type":"post","link":"https:\/\/www.sudoestehoje.com.br\/novoportal\/2012\/02\/07\/itapetinga-governo-do-estado-inaugura-agua-de-palmares\/","title":{"rendered":"ITAPETINGA: GOVERNO DO ESTADO INAUGURA \u00c1GUA DE PALMARES"},"content":{"rendered":"<p><img decoding=\"async\" class=\"aligncenter\" src=\"http:\/\/muraldabahia.blog.terra.com.br\/files\/2012\/01\/estacao-de-tratamento.jpg\" alt=\"\" width=\"400\" \/><\/p>\n<p style=\"text-align: center;\"><em>Esta\u00e7\u00e3o de Tratamento da \u00e1gua de Palmares, constru\u00edda pela CERB<\/em><\/p>\n<p>&nbsp;<\/p>\n<p>ITAPETINGA: A CERB \u2013 Companhia de Engenharia e Recursos H\u00eddricos da Bahia inaugurou, neste s\u00e1bado (4), o Sistema de Tratamento e Abastecimento de \u00c1gua do Distrito de Palmares, localizado a 70 km da sede do munic\u00edpio.<\/p>\n<p>Na solenidade de inaugura\u00e7\u00e3o, que contou com a presen\u00e7a de diversas autoridades, o governador Jaques Wagner deixou mais uma vez de prestigiar o munic\u00edpio de Itapetinga com a sua presen\u00e7a, sendo representado pelo Secret\u00e1rio Estadual de Meio Ambiente, Eug\u00eanio Spengler. O secret\u00e1rio da SEDUR, C\u00edcero Carvalho e o diretor-presidente da CERB, Bento Ribeiro Filho, tamb\u00e9m compareceram.<\/p>\n<p>A Obra foi realizada pela Companhia de Engenharia Ambiental e Recursos H\u00eddricos da Bahia (Cerb), com recursos da ordem de R$ 1 milh\u00e3o e 600 mil, oriundos do Governo do Estado, beneficiando cerca de 600 pessoas.<\/p>\n<p>A \u00e1gua, que \u00e9 captada no rio Pardo, a cerca de 11 km de Palmares, \u00e9 tratada e distribu\u00edda para os moradores do distrito. Ainda faz parte do sistema de abastecimento uma esta\u00e7\u00e3o elevat\u00f3ria e dois reservat\u00f3rios, entre outros equipamentos, constru\u00eddos pelo SAAE, na gest\u00e3o do ex-prefeito Michel Hagge. Tamb\u00e9m foram implantados novos 360 metros de rede de distribui\u00e7\u00e3o, somando-se a rede existente.<\/p>\n<p>O prefeito Z\u00e9 Carlos e sua equipe tamb\u00e9m compareceram \u00e0 inaugura\u00e7\u00e3o.<\/p>\n<p><strong><em>Da Reda\u00e7\u00e3o<\/em><\/strong><\/p>\n","protected":false},"excerpt":{"rendered":"<p>Esta\u00e7\u00e3o de Tratamento da \u00e1gua de Palmares, constru\u00edda pela CERB &nbsp; ITAPETINGA: A CERB \u2013 Companhia de Engenharia e Recursos H\u00eddricos da Bahia inaugurou, neste s\u00e1bado (4), o Sistema de Tratamento e Abastecimento de \u00c1gua do Distrito de Palmares, localizado a 70 km da sede do munic\u00edpio. Na solenidade de inaugura\u00e7\u00e3o, que contou com a [&hellip;]<\/p>\n","protected":false},"author":2,"featured_media":0,"comment_status":"open","ping_status":"open","sticky":false,"template":"","format":"standard","meta":{"footnotes":"","_links_to":"","_links_to_target":""},"categories":[1],"tags":[],"class_list":["post-12685","post","type-post","status-publish","format-standard","hentry","category-geral"],"views":1470,"_links":{"self":[{"href":"https:\/\/www.sudoestehoje.com.br\/novoportal\/wp-json\/wp\/v2\/posts\/12685","targetHints":{"allow":["GET"]}}],"collection":[{"href":"https:\/\/www.sudoestehoje.com.br\/novoportal\/wp-json\/wp\/v2\/posts"}],"about":[{"href":"https:\/\/www.sudoestehoje.com.br\/novoportal\/wp-json\/wp\/v2\/types\/post"}],"author":[{"embeddable":true,"href":"https:\/\/www.sudoestehoje.com.br\/novoportal\/wp-json\/wp\/v2\/users\/2"}],"replies":[{"embeddable":true,"href":"https:\/\/www.sudoestehoje.com.br\/novoportal\/wp-json\/wp\/v2\/comments?post=12685"}],"version-history":[{"count":7,"href":"https:\/\/www.sudoestehoje.com.br\/novoportal\/wp-json\/wp\/v2\/posts\/12685\/revisions"}],"predecessor-version":[{"id":12690,"href":"https:\/\/www.sudoestehoje.com.br\/novoportal\/wp-json\/wp\/v2\/posts\/12685\/revisions\/12690"}],"wp:attachment":[{"href":"https:\/\/www.sudoestehoje.com.br\/novoportal\/wp-json\/wp\/v2\/media?parent=12685"}],"wp:term":[{"taxonomy":"category","embeddable":true,"href":"https:\/\/www.sudoestehoje.com.br\/novoportal\/wp-json\/wp\/v2\/categories?post=12685"},{"taxonomy":"post_tag","embeddable":true,"href":"https:\/\/www.sudoestehoje.com.br\/novoportal\/wp-json\/wp\/v2\/tags?post=12685"}],"curies":[{"name":"wp","href":"https:\/\/api.w.org\/{rel}","templated":true}]}}