
{"id":12658,"date":"2012-02-06T18:39:52","date_gmt":"2012-02-06T21:39:52","guid":{"rendered":"http:\/\/www.sudoestehoje.com.br\/novoportal\/?p=12658"},"modified":"2012-02-06T20:19:14","modified_gmt":"2012-02-06T23:19:14","slug":"greve-da-pm-vitoria-da-conquista-esta-sitiada-e-a-populacao-aterrorizada","status":"publish","type":"post","link":"https:\/\/www.sudoestehoje.com.br\/novoportal\/2012\/02\/06\/greve-da-pm-vitoria-da-conquista-esta-sitiada-e-a-populacao-aterrorizada\/","title":{"rendered":"GREVE DA PM: VIT\u00d3RIA DA CONQUISTA EST\u00c1 SITIADA E A POPULA\u00c7\u00c3O ATERRORIZADA"},"content":{"rendered":"<p><a href=\"http:\/\/www.sudoestehoje.com.br\/novoportal\/wp-content\/uploads\/2012\/02\/100_6959.jpg\"><img loading=\"lazy\" decoding=\"async\" class=\"aligncenter size-medium wp-image-12659\" title=\"100_6959\" src=\"http:\/\/www.sudoestehoje.com.br\/novoportal\/wp-content\/uploads\/2012\/02\/100_6959-500x333.jpg\" alt=\"\" width=\"500\" height=\"333\" srcset=\"https:\/\/www.sudoestehoje.com.br\/novoportal\/wp-content\/uploads\/2012\/02\/100_6959-500x333.jpg 500w, https:\/\/www.sudoestehoje.com.br\/novoportal\/wp-content\/uploads\/2012\/02\/100_6959-1024x682.jpg 1024w, https:\/\/www.sudoestehoje.com.br\/novoportal\/wp-content\/uploads\/2012\/02\/100_6959.jpg 1800w\" sizes=\"auto, (max-width: 500px) 100vw, 500px\" \/><\/a><\/p>\n<p style=\"text-align: center;\"><em>Centro comercial de Conquista, por volta das 15h desta segunda-feira\u00a0<\/em><\/p>\n<p>&nbsp;<\/p>\n<p>VIT\u00d3RIA DA CONQUISTA: O final da manh\u00e3 desta segunda-feira, a popula\u00e7\u00e3o conquistense sofreu nas ruas da cidade, mais precisamente no Centro Comercial onde um enorme corre-corre e v\u00e1rios disparos aconteceram, em v\u00e1rios momentos. A inseguran\u00e7a generalizou diante da\u00a0boataria e uma onda de arrast\u00f5es causou corre-corre no centro da cidade.<\/p>\n<p>Na Galeria Joaquim Correia, que fica na Avenida Lauro de Freitas, onde est\u00e1 localizado o terminal do transporte p\u00fablico, saiu \u00e0 informa\u00e7\u00e3o que um homem teria sido baleado. A Pol\u00edcia Civil esteve no local e nada foi constatado. Em um Gol prata que circulava em alta velocidade, homens alertavam \u00e0 popula\u00e7\u00e3o sobre as a\u00e7\u00f5es de ladr\u00f5es. O com\u00e9rcio fechou as portas por volta das 11h da manh\u00e3 e n\u00e3o reabriu durante a tarde.<\/p>\n<p>A reportagem do Sudoeste Hoje esteve em Vit\u00f3ria da Conquista durante todo o dia e constatou o com\u00e9rcio funcionando normalmente durante quase toda a manh\u00e3. A partir dos boatos sobre supostos &#8216;arrast\u00f5es&#8217; e tiroteios, a cidade inteira esvaziou, em plena segunda-feira. Parecia um domingo ou um feriado, com algumas pessoas transitando apressadamente, demonstrando medo e preocupa\u00e7\u00e3o.<\/p>\n<p>Confira as fotos do Sudoeste Hoje, tiradas no in\u00edcio da tarde desta segunda-feira:<\/p>\n<p><a href=\"http:\/\/www.sudoestehoje.com.br\/novoportal\/wp-content\/uploads\/2012\/02\/100_6960.jpg\"><img loading=\"lazy\" decoding=\"async\" class=\"aligncenter size-medium wp-image-12660\" title=\"100_6960\" src=\"http:\/\/www.sudoestehoje.com.br\/novoportal\/wp-content\/uploads\/2012\/02\/100_6960-500x333.jpg\" alt=\"\" width=\"500\" height=\"333\" srcset=\"https:\/\/www.sudoestehoje.com.br\/novoportal\/wp-content\/uploads\/2012\/02\/100_6960-500x333.jpg 500w, https:\/\/www.sudoestehoje.com.br\/novoportal\/wp-content\/uploads\/2012\/02\/100_6960-1024x682.jpg 1024w, https:\/\/www.sudoestehoje.com.br\/novoportal\/wp-content\/uploads\/2012\/02\/100_6960.jpg 1800w\" sizes=\"auto, (max-width: 500px) 100vw, 500px\" \/><\/a><\/p>\n<p><a href=\"http:\/\/www.sudoestehoje.com.br\/novoportal\/wp-content\/uploads\/2012\/02\/100_6962.jpg\"><img loading=\"lazy\" decoding=\"async\" class=\"aligncenter size-medium wp-image-12661\" title=\"100_6962\" src=\"http:\/\/www.sudoestehoje.com.br\/novoportal\/wp-content\/uploads\/2012\/02\/100_6962-500x333.jpg\" alt=\"\" width=\"500\" height=\"333\" srcset=\"https:\/\/www.sudoestehoje.com.br\/novoportal\/wp-content\/uploads\/2012\/02\/100_6962-500x333.jpg 500w, https:\/\/www.sudoestehoje.com.br\/novoportal\/wp-content\/uploads\/2012\/02\/100_6962-1024x682.jpg 1024w, https:\/\/www.sudoestehoje.com.br\/novoportal\/wp-content\/uploads\/2012\/02\/100_6962.jpg 1800w\" sizes=\"auto, (max-width: 500px) 100vw, 500px\" \/><\/a><\/p>\n<p><a href=\"http:\/\/www.sudoestehoje.com.br\/novoportal\/wp-content\/uploads\/2012\/02\/100_6964.jpg\"><img loading=\"lazy\" decoding=\"async\" class=\"aligncenter size-medium wp-image-12662\" title=\"100_6964\" src=\"http:\/\/www.sudoestehoje.com.br\/novoportal\/wp-content\/uploads\/2012\/02\/100_6964-500x333.jpg\" alt=\"\" width=\"500\" height=\"333\" srcset=\"https:\/\/www.sudoestehoje.com.br\/novoportal\/wp-content\/uploads\/2012\/02\/100_6964-500x333.jpg 500w, https:\/\/www.sudoestehoje.com.br\/novoportal\/wp-content\/uploads\/2012\/02\/100_6964-1024x682.jpg 1024w, https:\/\/www.sudoestehoje.com.br\/novoportal\/wp-content\/uploads\/2012\/02\/100_6964.jpg 1800w\" sizes=\"auto, (max-width: 500px) 100vw, 500px\" \/><\/a><\/p>\n<p><a href=\"http:\/\/www.sudoestehoje.com.br\/novoportal\/wp-content\/uploads\/2012\/02\/100_6965.jpg\"><img loading=\"lazy\" decoding=\"async\" class=\"aligncenter size-medium wp-image-12663\" title=\"100_6965\" src=\"http:\/\/www.sudoestehoje.com.br\/novoportal\/wp-content\/uploads\/2012\/02\/100_6965-500x333.jpg\" alt=\"\" width=\"500\" height=\"333\" srcset=\"https:\/\/www.sudoestehoje.com.br\/novoportal\/wp-content\/uploads\/2012\/02\/100_6965-500x333.jpg 500w, https:\/\/www.sudoestehoje.com.br\/novoportal\/wp-content\/uploads\/2012\/02\/100_6965-1024x682.jpg 1024w, https:\/\/www.sudoestehoje.com.br\/novoportal\/wp-content\/uploads\/2012\/02\/100_6965.jpg 1800w\" sizes=\"auto, (max-width: 500px) 100vw, 500px\" \/><\/a><\/p>\n<p><a href=\"http:\/\/www.sudoestehoje.com.br\/novoportal\/wp-content\/uploads\/2012\/02\/100_6966.jpg\"><img loading=\"lazy\" decoding=\"async\" class=\"aligncenter size-medium wp-image-12664\" title=\"100_6966\" src=\"http:\/\/www.sudoestehoje.com.br\/novoportal\/wp-content\/uploads\/2012\/02\/100_6966-500x333.jpg\" alt=\"\" width=\"500\" height=\"333\" srcset=\"https:\/\/www.sudoestehoje.com.br\/novoportal\/wp-content\/uploads\/2012\/02\/100_6966-500x333.jpg 500w, https:\/\/www.sudoestehoje.com.br\/novoportal\/wp-content\/uploads\/2012\/02\/100_6966-1024x682.jpg 1024w, https:\/\/www.sudoestehoje.com.br\/novoportal\/wp-content\/uploads\/2012\/02\/100_6966.jpg 1800w\" sizes=\"auto, (max-width: 500px) 100vw, 500px\" \/><\/a><\/p>\n<p>Os efeitos da greve dos policiais militares em Vit\u00f3ria da Conquista (Bahia) s\u00e3o medo, correria e muita tens\u00e3o. O com\u00e9rcio da cidade sofre com o vandalismos e arrobamentos. Servi\u00e7os essenciais foram totalmente paralisados. A cidade vive um clima de terror sem precedentes.<\/p>\n","protected":false},"excerpt":{"rendered":"<p>Centro comercial de Conquista, por volta das 15h desta segunda-feira\u00a0 &nbsp; VIT\u00d3RIA DA CONQUISTA: O final da manh\u00e3 desta segunda-feira, a popula\u00e7\u00e3o conquistense sofreu nas ruas da cidade, mais precisamente no Centro Comercial onde um enorme corre-corre e v\u00e1rios disparos aconteceram, em v\u00e1rios momentos. A inseguran\u00e7a generalizou diante da\u00a0boataria e uma onda de arrast\u00f5es causou [&hellip;]<\/p>\n","protected":false},"author":2,"featured_media":0,"comment_status":"open","ping_status":"open","sticky":false,"template":"","format":"standard","meta":{"footnotes":"","_links_to":"","_links_to_target":""},"categories":[1],"tags":[],"class_list":["post-12658","post","type-post","status-publish","format-standard","hentry","category-geral"],"views":3510,"_links":{"self":[{"href":"https:\/\/www.sudoestehoje.com.br\/novoportal\/wp-json\/wp\/v2\/posts\/12658","targetHints":{"allow":["GET"]}}],"collection":[{"href":"https:\/\/www.sudoestehoje.com.br\/novoportal\/wp-json\/wp\/v2\/posts"}],"about":[{"href":"https:\/\/www.sudoestehoje.com.br\/novoportal\/wp-json\/wp\/v2\/types\/post"}],"author":[{"embeddable":true,"href":"https:\/\/www.sudoestehoje.com.br\/novoportal\/wp-json\/wp\/v2\/users\/2"}],"replies":[{"embeddable":true,"href":"https:\/\/www.sudoestehoje.com.br\/novoportal\/wp-json\/wp\/v2\/comments?post=12658"}],"version-history":[{"count":7,"href":"https:\/\/www.sudoestehoje.com.br\/novoportal\/wp-json\/wp\/v2\/posts\/12658\/revisions"}],"predecessor-version":[{"id":12668,"href":"https:\/\/www.sudoestehoje.com.br\/novoportal\/wp-json\/wp\/v2\/posts\/12658\/revisions\/12668"}],"wp:attachment":[{"href":"https:\/\/www.sudoestehoje.com.br\/novoportal\/wp-json\/wp\/v2\/media?parent=12658"}],"wp:term":[{"taxonomy":"category","embeddable":true,"href":"https:\/\/www.sudoestehoje.com.br\/novoportal\/wp-json\/wp\/v2\/categories?post=12658"},{"taxonomy":"post_tag","embeddable":true,"href":"https:\/\/www.sudoestehoje.com.br\/novoportal\/wp-json\/wp\/v2\/tags?post=12658"}],"curies":[{"name":"wp","href":"https:\/\/api.w.org\/{rel}","templated":true}]}}