
{"id":12653,"date":"2012-02-06T17:50:05","date_gmt":"2012-02-06T20:50:05","guid":{"rendered":"http:\/\/www.sudoestehoje.com.br\/novoportal\/?p=12653"},"modified":"2012-02-06T17:51:10","modified_gmt":"2012-02-06T20:51:10","slug":"lider-dos-pms-grevistas-deve-se-candidatar-a-vereador","status":"publish","type":"post","link":"https:\/\/www.sudoestehoje.com.br\/novoportal\/2012\/02\/06\/lider-dos-pms-grevistas-deve-se-candidatar-a-vereador\/","title":{"rendered":"L\u00cdDER DOS PMs GREVISTAS DEVE SE CANDIDATAR A VEREADOR"},"content":{"rendered":"<p><img decoding=\"async\" class=\"aligncenter\" src=\"http:\/\/www.alemdanoticia.com.br\/redimensiona.php?imagem=admin\/noticias\/05-02-2012_09_04_34_.jpg&amp;largura=300&amp;altura=200\" alt=\"L\u00edder de movimento grevista da PM deve se candidatar a vereador\" width=\"400\" \/><\/p>\n<p style=\"text-align: center;\"><em>Marco Prisco \u00e9 filiado ao PSDB de Salvador\u00a0<\/em><\/p>\n<p>&nbsp;<\/p>\n<p>O presidente da Associa\u00e7\u00e3o de Policiais, Bombeiros e seus Familiares da Bahia (Aspra), o ex-soldado Marco Prisco, diz que pretende candidatar-se a vereador. Prisco, que foi expulso da PM por conta da greve de 2001, disse estar insatisfeito com o seu partido, o PSDB. \u201cSou um ser pol\u00edtico, um revolucion\u00e1rio, e tenho o direito de ser candidato, mas o futuro a Deus pertence\u201d, disse. \u201cTroquei o PSOL pelo PSDB por diverg\u00eancias internas do partido, mas n\u00e3o sei se vou continuar filiado. At\u00e9 o momento, ningu\u00e9m do PSDB veio aqui apertar minha m\u00e3o para me dizer \u2018bom dia, voc\u00ea est\u00e1 bem?\u2019. N\u00e3o houve nenhuma declara\u00e7\u00e3o p\u00fablica.\u201d<\/p>\n<p><em>Al\u00e9m da Not\u00edcia<\/em><\/p>\n","protected":false},"excerpt":{"rendered":"<p>Marco Prisco \u00e9 filiado ao PSDB de Salvador\u00a0 &nbsp; O presidente da Associa\u00e7\u00e3o de Policiais, Bombeiros e seus Familiares da Bahia (Aspra), o ex-soldado Marco Prisco, diz que pretende candidatar-se a vereador. Prisco, que foi expulso da PM por conta da greve de 2001, disse estar insatisfeito com o seu partido, o PSDB. \u201cSou um [&hellip;]<\/p>\n","protected":false},"author":2,"featured_media":0,"comment_status":"open","ping_status":"open","sticky":false,"template":"","format":"standard","meta":{"footnotes":"","_links_to":"","_links_to_target":""},"categories":[1],"tags":[],"class_list":["post-12653","post","type-post","status-publish","format-standard","hentry","category-geral"],"views":1095,"_links":{"self":[{"href":"https:\/\/www.sudoestehoje.com.br\/novoportal\/wp-json\/wp\/v2\/posts\/12653","targetHints":{"allow":["GET"]}}],"collection":[{"href":"https:\/\/www.sudoestehoje.com.br\/novoportal\/wp-json\/wp\/v2\/posts"}],"about":[{"href":"https:\/\/www.sudoestehoje.com.br\/novoportal\/wp-json\/wp\/v2\/types\/post"}],"author":[{"embeddable":true,"href":"https:\/\/www.sudoestehoje.com.br\/novoportal\/wp-json\/wp\/v2\/users\/2"}],"replies":[{"embeddable":true,"href":"https:\/\/www.sudoestehoje.com.br\/novoportal\/wp-json\/wp\/v2\/comments?post=12653"}],"version-history":[{"count":4,"href":"https:\/\/www.sudoestehoje.com.br\/novoportal\/wp-json\/wp\/v2\/posts\/12653\/revisions"}],"predecessor-version":[{"id":12657,"href":"https:\/\/www.sudoestehoje.com.br\/novoportal\/wp-json\/wp\/v2\/posts\/12653\/revisions\/12657"}],"wp:attachment":[{"href":"https:\/\/www.sudoestehoje.com.br\/novoportal\/wp-json\/wp\/v2\/media?parent=12653"}],"wp:term":[{"taxonomy":"category","embeddable":true,"href":"https:\/\/www.sudoestehoje.com.br\/novoportal\/wp-json\/wp\/v2\/categories?post=12653"},{"taxonomy":"post_tag","embeddable":true,"href":"https:\/\/www.sudoestehoje.com.br\/novoportal\/wp-json\/wp\/v2\/tags?post=12653"}],"curies":[{"name":"wp","href":"https:\/\/api.w.org\/{rel}","templated":true}]}}