
{"id":12649,"date":"2012-02-06T17:39:24","date_gmt":"2012-02-06T20:39:24","guid":{"rendered":"http:\/\/www.sudoestehoje.com.br\/novoportal\/?p=12649"},"modified":"2012-02-06T17:39:24","modified_gmt":"2012-02-06T20:39:24","slug":"greve-da-pm-neto-diz-que-oposicao-nao-quer-radicalismo","status":"publish","type":"post","link":"https:\/\/www.sudoestehoje.com.br\/novoportal\/2012\/02\/06\/greve-da-pm-neto-diz-que-oposicao-nao-quer-radicalismo\/","title":{"rendered":"GREVE DA PM: NETO DIZ QUE OPOSI\u00c7\u00c3O N\u00c3O QUER RADICALISMO"},"content":{"rendered":"<p><img decoding=\"async\" class=\"aligncenter\" src=\"http:\/\/www.dem.org.br\/wp-content\/uploads\/2011\/01\/ACM-Neto3.jpg\" alt=\"\" width=\"400\" \/><\/p>\n<p>&nbsp;<\/p>\n<p>O l\u00edder do Democratas na C\u00e2mara Federal, deputado ACM Neto, pediu hoje (6) \u201cequil\u00edbrio de todos os lados envolvidos\u201d na greve dos policiais militares da Bahia. \u201cA situa\u00e7\u00e3o est\u00e1 chegando a um n\u00edvel de tens\u00e3o muito alto e mais de cem pessoas j\u00e1 foram mortas em Salvador e regi\u00e3o metropolitana depois que esse movimento grevista teve in\u00edcio. O momento agora \u00e9 de calma e tranquilidade. Nenhum dos lados pode radicalizar para que vidas sejam poupadas. A Bahia precisa estar em primeiro lugar\u201d, afirmou ACM Neto.<\/p>\n<p>O deputado pediu que o governo baiano, o Ex\u00e9rcito e os grevistas atuem com \u201cprud\u00eancia\u201d e \u201cse esforcem ao extremo para resolver o impasse com di\u00e1logo e negocia\u00e7\u00e3o\u201d. \u201cA popula\u00e7\u00e3o est\u00e1 sendo por demais penalizada e o medo, que j\u00e1 vivia no cora\u00e7\u00e3o das pessoas por conta do crescimento da viol\u00eancia na cidade e no estado, est\u00e1 impedindo as pessoas de trabalharem, estudarem e se locomoverem\u201d.<\/p>\n<p>ACM Neto afirmou que a oposi\u00e7\u00e3o \u201cest\u00e1 torcendo para que o di\u00e1logo prevale\u00e7a e o movimento grevista tenha um fim o quanto antes\u201d. \u201cComo o PT fazia no passado e fez durante a greve da PM em 2001, n\u00f3s n\u00e3o torcemos para que o pior aconte\u00e7a. Queremos uma solu\u00e7\u00e3o imediata para o problema e estamos dispostos a colaborar no que for poss\u00edvel para que a greve termine logo\u201d.<\/p>\n","protected":false},"excerpt":{"rendered":"<p>&nbsp; O l\u00edder do Democratas na C\u00e2mara Federal, deputado ACM Neto, pediu hoje (6) \u201cequil\u00edbrio de todos os lados envolvidos\u201d na greve dos policiais militares da Bahia. \u201cA situa\u00e7\u00e3o est\u00e1 chegando a um n\u00edvel de tens\u00e3o muito alto e mais de cem pessoas j\u00e1 foram mortas em Salvador e regi\u00e3o metropolitana depois que esse movimento [&hellip;]<\/p>\n","protected":false},"author":2,"featured_media":0,"comment_status":"open","ping_status":"open","sticky":false,"template":"","format":"standard","meta":{"footnotes":"","_links_to":"","_links_to_target":""},"categories":[1],"tags":[],"class_list":["post-12649","post","type-post","status-publish","format-standard","hentry","category-geral"],"views":1198,"_links":{"self":[{"href":"https:\/\/www.sudoestehoje.com.br\/novoportal\/wp-json\/wp\/v2\/posts\/12649","targetHints":{"allow":["GET"]}}],"collection":[{"href":"https:\/\/www.sudoestehoje.com.br\/novoportal\/wp-json\/wp\/v2\/posts"}],"about":[{"href":"https:\/\/www.sudoestehoje.com.br\/novoportal\/wp-json\/wp\/v2\/types\/post"}],"author":[{"embeddable":true,"href":"https:\/\/www.sudoestehoje.com.br\/novoportal\/wp-json\/wp\/v2\/users\/2"}],"replies":[{"embeddable":true,"href":"https:\/\/www.sudoestehoje.com.br\/novoportal\/wp-json\/wp\/v2\/comments?post=12649"}],"version-history":[{"count":3,"href":"https:\/\/www.sudoestehoje.com.br\/novoportal\/wp-json\/wp\/v2\/posts\/12649\/revisions"}],"predecessor-version":[{"id":12652,"href":"https:\/\/www.sudoestehoje.com.br\/novoportal\/wp-json\/wp\/v2\/posts\/12649\/revisions\/12652"}],"wp:attachment":[{"href":"https:\/\/www.sudoestehoje.com.br\/novoportal\/wp-json\/wp\/v2\/media?parent=12649"}],"wp:term":[{"taxonomy":"category","embeddable":true,"href":"https:\/\/www.sudoestehoje.com.br\/novoportal\/wp-json\/wp\/v2\/categories?post=12649"},{"taxonomy":"post_tag","embeddable":true,"href":"https:\/\/www.sudoestehoje.com.br\/novoportal\/wp-json\/wp\/v2\/tags?post=12649"}],"curies":[{"name":"wp","href":"https:\/\/api.w.org\/{rel}","templated":true}]}}