
{"id":12646,"date":"2012-02-06T06:43:37","date_gmt":"2012-02-06T09:43:37","guid":{"rendered":"http:\/\/www.sudoestehoje.com.br\/novoportal\/?p=12646"},"modified":"2012-02-06T06:43:37","modified_gmt":"2012-02-06T09:43:37","slug":"assembleia-legislativa-esta-cercada-pelo-exercito","status":"publish","type":"post","link":"https:\/\/www.sudoestehoje.com.br\/novoportal\/2012\/02\/06\/assembleia-legislativa-esta-cercada-pelo-exercito\/","title":{"rendered":"ASSEMBL\u00c9IA LEGISLATIVA EST\u00c1 CERCADA PELO EX\u00c9RCITO"},"content":{"rendered":"<p><img decoding=\"async\" class=\"aligncenter\" src=\"http:\/\/www.alagoinhasnoticias.com.br\/wp-content\/uploads\/2012\/02\/deputadomarcelonilo-300x200.jpg\" alt=\"\" width=\"400\" \/><\/p>\n<p style=\"text-align: center;\"><em>Marcelo Nilo pediu ajuda ao comando das For\u00e7as Armadas<\/em><\/p>\n<p>&nbsp;<\/p>\n<p>A Assembleia Legislativa foi cercada no in\u00edcio da manh\u00e3 desta segunda-feira (6) por cerca de 600 homens do Ex\u00e9rcito e 40 agentes do Comando Opera\u00e7\u00f5es T\u00e1ticas (COT), de acordo com as For\u00e7as Armadas. O objetivo deles \u00e9 cumprir os 11 mandados de pris\u00e3o contra policiais que ocupam a Casa desde a \u00faltima ter\u00e7a-feira (31). O pr\u00e9dio foi isolado em uma manobra chamada pelo Ex\u00e9rcito de opera\u00e7\u00e3o de isolamento. Os grevistas, que recusaram a proposta feita pelo governo de 6,5% de reajuste retroativo ao m\u00eas de janeiro, est\u00e3o posicionados na rampa de entrada do edif\u00edcio. Neste domingo, o presidente da AL-BA, deputado Marcelo Nilo, pediu ao general Gon\u00e7alves Dias, comandante da 6\u00aa Regi\u00e3o Militar, que\u00a0<strong><a href=\"http:\/\/bahianoticias.com.br\/principal\/noticia\/110620-greve-da-pm-nilo-pede-desocupacao-da-al-ba-ao-exercito.html\" target=\"_blank\">desocupasse o local<\/a><\/strong>\u00a0caso os policiais n\u00e3o deixassem o pr\u00e9dio at\u00e9 a meia-noite, o que n\u00e3o aconteceu. Informa\u00e7\u00f5es do Correio.<\/p>\n","protected":false},"excerpt":{"rendered":"<p>Marcelo Nilo pediu ajuda ao comando das For\u00e7as Armadas &nbsp; A Assembleia Legislativa foi cercada no in\u00edcio da manh\u00e3 desta segunda-feira (6) por cerca de 600 homens do Ex\u00e9rcito e 40 agentes do Comando Opera\u00e7\u00f5es T\u00e1ticas (COT), de acordo com as For\u00e7as Armadas. O objetivo deles \u00e9 cumprir os 11 mandados de pris\u00e3o contra policiais [&hellip;]<\/p>\n","protected":false},"author":2,"featured_media":0,"comment_status":"open","ping_status":"open","sticky":false,"template":"","format":"standard","meta":{"footnotes":"","_links_to":"","_links_to_target":""},"categories":[1],"tags":[],"class_list":["post-12646","post","type-post","status-publish","format-standard","hentry","category-geral"],"views":1079,"_links":{"self":[{"href":"https:\/\/www.sudoestehoje.com.br\/novoportal\/wp-json\/wp\/v2\/posts\/12646","targetHints":{"allow":["GET"]}}],"collection":[{"href":"https:\/\/www.sudoestehoje.com.br\/novoportal\/wp-json\/wp\/v2\/posts"}],"about":[{"href":"https:\/\/www.sudoestehoje.com.br\/novoportal\/wp-json\/wp\/v2\/types\/post"}],"author":[{"embeddable":true,"href":"https:\/\/www.sudoestehoje.com.br\/novoportal\/wp-json\/wp\/v2\/users\/2"}],"replies":[{"embeddable":true,"href":"https:\/\/www.sudoestehoje.com.br\/novoportal\/wp-json\/wp\/v2\/comments?post=12646"}],"version-history":[{"count":2,"href":"https:\/\/www.sudoestehoje.com.br\/novoportal\/wp-json\/wp\/v2\/posts\/12646\/revisions"}],"predecessor-version":[{"id":12648,"href":"https:\/\/www.sudoestehoje.com.br\/novoportal\/wp-json\/wp\/v2\/posts\/12646\/revisions\/12648"}],"wp:attachment":[{"href":"https:\/\/www.sudoestehoje.com.br\/novoportal\/wp-json\/wp\/v2\/media?parent=12646"}],"wp:term":[{"taxonomy":"category","embeddable":true,"href":"https:\/\/www.sudoestehoje.com.br\/novoportal\/wp-json\/wp\/v2\/categories?post=12646"},{"taxonomy":"post_tag","embeddable":true,"href":"https:\/\/www.sudoestehoje.com.br\/novoportal\/wp-json\/wp\/v2\/tags?post=12646"}],"curies":[{"name":"wp","href":"https:\/\/api.w.org\/{rel}","templated":true}]}}