
{"id":12635,"date":"2012-02-05T13:13:32","date_gmt":"2012-02-05T16:13:32","guid":{"rendered":"http:\/\/www.sudoestehoje.com.br\/novoportal\/?p=12635"},"modified":"2012-02-05T13:23:44","modified_gmt":"2012-02-05T16:23:44","slug":"tropa-de-elite-da-pf-chega-a-bahia-para-prender-pms-grevistas","status":"publish","type":"post","link":"https:\/\/www.sudoestehoje.com.br\/novoportal\/2012\/02\/05\/tropa-de-elite-da-pf-chega-a-bahia-para-prender-pms-grevistas\/","title":{"rendered":"TROPA DE ELITE DA PF CHEGA \u00c0 BAHIA PARA PRENDER PMs GREVISTAS"},"content":{"rendered":"<p style=\"text-align: center;\"><img decoding=\"async\" class=\"aligncenter\" src=\"http:\/\/4.bp.blogspot.com\/_slfq3k4LjIM\/S-Oi73BDF4I\/AAAAAAAAADo\/g1wMheRXXy8\/s1600\/policias-de-elite-6.jpg\" alt=\"\" width=\"400\" \/><\/p>\n<p style=\"text-align: center;\"><em>Grupo de &#8216;Opera\u00e7\u00f5es T\u00e1ticas&#8217; veio para cumprir mandados de pris\u00e3o<\/em><\/p>\n<p>&nbsp;<\/p>\n<p>Por determina\u00e7\u00e3o do governo federal, 40 homens do Comando de Opera\u00e7\u00f5es T\u00e1ticas, a \u0093tropa de elite\u0094, da Pol\u00edcia Federal (PF) desembarcaram, neste domingo, por volta do meio dia, na capital baiana para executar os mandados de pris\u00e3o expedidos contra integrantes do movimento grevista da Pol\u00edcia Militar. Os policiais federais especializados vieram de Bras\u00edlia, numa aeronave pr\u00f3pria da PF, que ficar\u00e1 \u00e0 disposi\u00e7\u00e3o para remo\u00e7\u00e3o dos detidos aos pres\u00eddios federais. Al\u00e9m desses, outros 15 homens do Grupo de Pronta Interven\u00e7\u00e3o da Pol\u00edcia Federal na Bahia dar\u00e3o apoio \u00e0s opera\u00e7\u00f5es. Ainda na tarde deste domingo, \u00e0s 14 horas, militares das For\u00e7as Especiais do Ex\u00e9rcito e da Brigada de Paraquedistas desembarcam na Base A\u00e9rea de Salvador, para refor\u00e7ar ainda mais a seguran\u00e7a no estado. Os militares federais est\u00e3o contando ainda com a participa\u00e7\u00e3o de homens da Pol\u00edcia Militar e da Pol\u00edcia Civil para garantir a ordem e a paz.<\/p>\n<p>POLICIAL PRESO<\/p>\n<p>Foi preso na madrugada deste domingo, Alvin dos Santos Silva, policial militar lotado na Companhia de Policiamento de Prote\u00e7\u00e3o Ambiental (COPPA). A pris\u00e3o dele \u00e9 em cumprimento a um dos 12 mandados de pris\u00e3o expedidos para serem executados no estado da Bahia. Alvin Silva \u00e9 acusado de forma\u00e7\u00e3o de quadrilha e roubo de patrim\u00f4nio p\u00fablico (viaturas). O pr\u00f3prio comandante da COPPA, major Nilton Machado, foi quem efetuou a pris\u00e3o e o encaminhou para a Pol\u00edcia do Ex\u00e9rcito. Al\u00e9m dos crimes, o policial vai passar por um processo administrativo na pr\u00f3pria corpora\u00e7\u00e3o.<\/p>\n<p><em><strong>Fontes: Bahia Not\u00edcias e Pol\u00edtica Livre<\/strong><\/em><\/p>\n","protected":false},"excerpt":{"rendered":"<p>Grupo de &#8216;Opera\u00e7\u00f5es T\u00e1ticas&#8217; veio para cumprir mandados de pris\u00e3o &nbsp; Por determina\u00e7\u00e3o do governo federal, 40 homens do Comando de Opera\u00e7\u00f5es T\u00e1ticas, a \u0093tropa de elite\u0094, da Pol\u00edcia Federal (PF) desembarcaram, neste domingo, por volta do meio dia, na capital baiana para executar os mandados de pris\u00e3o expedidos contra integrantes do movimento grevista da [&hellip;]<\/p>\n","protected":false},"author":2,"featured_media":0,"comment_status":"open","ping_status":"open","sticky":false,"template":"","format":"standard","meta":{"footnotes":"","_links_to":"","_links_to_target":""},"categories":[1],"tags":[],"class_list":["post-12635","post","type-post","status-publish","format-standard","hentry","category-geral"],"views":1167,"_links":{"self":[{"href":"https:\/\/www.sudoestehoje.com.br\/novoportal\/wp-json\/wp\/v2\/posts\/12635","targetHints":{"allow":["GET"]}}],"collection":[{"href":"https:\/\/www.sudoestehoje.com.br\/novoportal\/wp-json\/wp\/v2\/posts"}],"about":[{"href":"https:\/\/www.sudoestehoje.com.br\/novoportal\/wp-json\/wp\/v2\/types\/post"}],"author":[{"embeddable":true,"href":"https:\/\/www.sudoestehoje.com.br\/novoportal\/wp-json\/wp\/v2\/users\/2"}],"replies":[{"embeddable":true,"href":"https:\/\/www.sudoestehoje.com.br\/novoportal\/wp-json\/wp\/v2\/comments?post=12635"}],"version-history":[{"count":8,"href":"https:\/\/www.sudoestehoje.com.br\/novoportal\/wp-json\/wp\/v2\/posts\/12635\/revisions"}],"predecessor-version":[{"id":12643,"href":"https:\/\/www.sudoestehoje.com.br\/novoportal\/wp-json\/wp\/v2\/posts\/12635\/revisions\/12643"}],"wp:attachment":[{"href":"https:\/\/www.sudoestehoje.com.br\/novoportal\/wp-json\/wp\/v2\/media?parent=12635"}],"wp:term":[{"taxonomy":"category","embeddable":true,"href":"https:\/\/www.sudoestehoje.com.br\/novoportal\/wp-json\/wp\/v2\/categories?post=12635"},{"taxonomy":"post_tag","embeddable":true,"href":"https:\/\/www.sudoestehoje.com.br\/novoportal\/wp-json\/wp\/v2\/tags?post=12635"}],"curies":[{"name":"wp","href":"https:\/\/api.w.org\/{rel}","templated":true}]}}