
{"id":12622,"date":"2012-02-05T10:01:53","date_gmt":"2012-02-05T13:01:53","guid":{"rendered":"http:\/\/www.sudoestehoje.com.br\/novoportal\/?p=12622"},"modified":"2012-02-05T10:01:53","modified_gmt":"2012-02-05T13:01:53","slug":"vai-ter-aula-na-rede-publica","status":"publish","type":"post","link":"https:\/\/www.sudoestehoje.com.br\/novoportal\/2012\/02\/05\/vai-ter-aula-na-rede-publica\/","title":{"rendered":"VAI TER AULA NA REDE P\u00daBLICA?"},"content":{"rendered":"<p><img decoding=\"async\" class=\"aligncenter\" src=\"http:\/\/4.bp.blogspot.com\/-U8YLjDAgvzU\/TVXlhMluKtI\/AAAAAAAAGhw\/Tb_ywcVZZHM\/s1600\/alfredo+dutra.JPG\" alt=\"\" width=\"500\" \/><\/p>\n<p style=\"text-align: center;\"><em>Col\u00e9gio Alfredo Dutra recebe alunos de todos os bairros<\/em><\/p>\n<p>&nbsp;<\/p>\n<p>ITAPETINGA: As aulas na rede p\u00fablica est\u00e3o previstas para come\u00e7ar na pr\u00f3xima segunda (6). At\u00e9 agora, os governos estadual e municipal n\u00e3o sinalizaram se o calend\u00e1rio escolar ser\u00e1 mantido ou se haver\u00e1 altera\u00e7\u00e3o. Algumas escolas da rede estadual, como o Col\u00e9gio Alfredo Dutra, recebem alunos de bairros distantes, principalmente das Vilas e do Am\u00e9rico Nogueira, onde n\u00e3o h\u00e1 escolas de ensino m\u00e9dio no noturno. Com a greve da PM, \u00a0fica extremamente perigoso o deslocamento dos alunos desses bairros para as escolas, por motivos \u00f3bvios. Se persistir a greve, \u00e9 prudente que o in\u00edcio das aulas seja adiado. Ou vamos correr o risco?<\/p>\n<p><strong><em>Da Reda\u00e7\u00e3o<\/em><\/strong><\/p>\n<p><strong><em><br \/>\n<\/em><\/strong><\/p>\n","protected":false},"excerpt":{"rendered":"<p>Col\u00e9gio Alfredo Dutra recebe alunos de todos os bairros &nbsp; ITAPETINGA: As aulas na rede p\u00fablica est\u00e3o previstas para come\u00e7ar na pr\u00f3xima segunda (6). At\u00e9 agora, os governos estadual e municipal n\u00e3o sinalizaram se o calend\u00e1rio escolar ser\u00e1 mantido ou se haver\u00e1 altera\u00e7\u00e3o. Algumas escolas da rede estadual, como o Col\u00e9gio Alfredo Dutra, recebem alunos [&hellip;]<\/p>\n","protected":false},"author":2,"featured_media":0,"comment_status":"open","ping_status":"open","sticky":false,"template":"","format":"standard","meta":{"footnotes":"","_links_to":"","_links_to_target":""},"categories":[1],"tags":[],"class_list":["post-12622","post","type-post","status-publish","format-standard","hentry","category-geral"],"views":3206,"_links":{"self":[{"href":"https:\/\/www.sudoestehoje.com.br\/novoportal\/wp-json\/wp\/v2\/posts\/12622","targetHints":{"allow":["GET"]}}],"collection":[{"href":"https:\/\/www.sudoestehoje.com.br\/novoportal\/wp-json\/wp\/v2\/posts"}],"about":[{"href":"https:\/\/www.sudoestehoje.com.br\/novoportal\/wp-json\/wp\/v2\/types\/post"}],"author":[{"embeddable":true,"href":"https:\/\/www.sudoestehoje.com.br\/novoportal\/wp-json\/wp\/v2\/users\/2"}],"replies":[{"embeddable":true,"href":"https:\/\/www.sudoestehoje.com.br\/novoportal\/wp-json\/wp\/v2\/comments?post=12622"}],"version-history":[{"count":2,"href":"https:\/\/www.sudoestehoje.com.br\/novoportal\/wp-json\/wp\/v2\/posts\/12622\/revisions"}],"predecessor-version":[{"id":12624,"href":"https:\/\/www.sudoestehoje.com.br\/novoportal\/wp-json\/wp\/v2\/posts\/12622\/revisions\/12624"}],"wp:attachment":[{"href":"https:\/\/www.sudoestehoje.com.br\/novoportal\/wp-json\/wp\/v2\/media?parent=12622"}],"wp:term":[{"taxonomy":"category","embeddable":true,"href":"https:\/\/www.sudoestehoje.com.br\/novoportal\/wp-json\/wp\/v2\/categories?post=12622"},{"taxonomy":"post_tag","embeddable":true,"href":"https:\/\/www.sudoestehoje.com.br\/novoportal\/wp-json\/wp\/v2\/tags?post=12622"}],"curies":[{"name":"wp","href":"https:\/\/api.w.org\/{rel}","templated":true}]}}