
{"id":12616,"date":"2012-02-05T09:46:25","date_gmt":"2012-02-05T12:46:25","guid":{"rendered":"http:\/\/www.sudoestehoje.com.br\/novoportal\/?p=12616"},"modified":"2012-02-05T09:46:25","modified_gmt":"2012-02-05T12:46:25","slug":"lider-grevista-diz-que-wagner-financiou-movimento-em-2001","status":"publish","type":"post","link":"https:\/\/www.sudoestehoje.com.br\/novoportal\/2012\/02\/05\/lider-grevista-diz-que-wagner-financiou-movimento-em-2001\/","title":{"rendered":"L\u00cdDER GREVISTA DIZ QUE WAGNER FINANCIOU MOVIMENTO EM 2001"},"content":{"rendered":"<p><img decoding=\"async\" class=\"aligncenter\" src=\"http:\/\/www.pimenta.blog.br\/wp-content\/uploads\/prisco-pm-ba1.jpg\" alt=\"\" width=\"400\" \/><\/p>\n<p>&nbsp;<\/p>\n<p>O ex-policial militar\u00a0<strong>Marco Prisco<\/strong>\u00a0disse ao jornal\u00a0<strong><em><a href=\"http:\/\/oglobo.globo.com\/pais\/lider-da-pm-baiana-diz-que-governador-ja-financiou-greve-3881969\" target=\"_blank\">O Globo<\/a><\/em><\/strong>\u00a0que o governador Jaques Wagner financiou o movimentou grevista de 2001. Filiado ao PSDB e pr\u00e9-candidato a vereador na capital baiana, Prisco \u00e9 o l\u00edder da paralisa\u00e7\u00e3o da PM que ocorre agora com Wagner no poder.\u00a0Ele lembra que foi perseguido e amea\u00e7ado de pris\u00e3o pelo governo do carlista C\u00e9sar Borges. A greve foi a mais ca\u00f3tica da hist\u00f3ria e registrou a morte de um policial militar grevista.<\/p>\n<p>O coordenador do movimento tamb\u00e9m sustenta que, al\u00e9m de Wagner, tamb\u00e9m apoiaram o movimento de 2001 os deputados federais\u00a0Nelson Pellegrino (PT), Daniel Almeida (PCdoB) e Portugal (PCdoB), a prefeita de Lauro de Freitas, Moema Gramacho (PT), a senadora L\u00eddice da Mata (PSB) e o presidente do PSC, ex-deputado Eliel Santana.<\/p>\n<p>Prisco est\u00e1 na lista das 12 pris\u00f5es preventivas decretadas contra l\u00edderes do movimento grevista.<\/p>\n","protected":false},"excerpt":{"rendered":"<p>&nbsp; O ex-policial militar\u00a0Marco Prisco\u00a0disse ao jornal\u00a0O Globo\u00a0que o governador Jaques Wagner financiou o movimentou grevista de 2001. Filiado ao PSDB e pr\u00e9-candidato a vereador na capital baiana, Prisco \u00e9 o l\u00edder da paralisa\u00e7\u00e3o da PM que ocorre agora com Wagner no poder.\u00a0Ele lembra que foi perseguido e amea\u00e7ado de pris\u00e3o pelo governo do carlista [&hellip;]<\/p>\n","protected":false},"author":2,"featured_media":0,"comment_status":"open","ping_status":"open","sticky":false,"template":"","format":"standard","meta":{"footnotes":"","_links_to":"","_links_to_target":""},"categories":[1],"tags":[],"class_list":["post-12616","post","type-post","status-publish","format-standard","hentry","category-geral"],"views":1180,"_links":{"self":[{"href":"https:\/\/www.sudoestehoje.com.br\/novoportal\/wp-json\/wp\/v2\/posts\/12616","targetHints":{"allow":["GET"]}}],"collection":[{"href":"https:\/\/www.sudoestehoje.com.br\/novoportal\/wp-json\/wp\/v2\/posts"}],"about":[{"href":"https:\/\/www.sudoestehoje.com.br\/novoportal\/wp-json\/wp\/v2\/types\/post"}],"author":[{"embeddable":true,"href":"https:\/\/www.sudoestehoje.com.br\/novoportal\/wp-json\/wp\/v2\/users\/2"}],"replies":[{"embeddable":true,"href":"https:\/\/www.sudoestehoje.com.br\/novoportal\/wp-json\/wp\/v2\/comments?post=12616"}],"version-history":[{"count":5,"href":"https:\/\/www.sudoestehoje.com.br\/novoportal\/wp-json\/wp\/v2\/posts\/12616\/revisions"}],"predecessor-version":[{"id":12621,"href":"https:\/\/www.sudoestehoje.com.br\/novoportal\/wp-json\/wp\/v2\/posts\/12616\/revisions\/12621"}],"wp:attachment":[{"href":"https:\/\/www.sudoestehoje.com.br\/novoportal\/wp-json\/wp\/v2\/media?parent=12616"}],"wp:term":[{"taxonomy":"category","embeddable":true,"href":"https:\/\/www.sudoestehoje.com.br\/novoportal\/wp-json\/wp\/v2\/categories?post=12616"},{"taxonomy":"post_tag","embeddable":true,"href":"https:\/\/www.sudoestehoje.com.br\/novoportal\/wp-json\/wp\/v2\/tags?post=12616"}],"curies":[{"name":"wp","href":"https:\/\/api.w.org\/{rel}","templated":true}]}}