
{"id":12590,"date":"2012-02-04T19:23:38","date_gmt":"2012-02-04T22:23:38","guid":{"rendered":"http:\/\/www.sudoestehoje.com.br\/novoportal\/?p=12590"},"modified":"2012-02-04T19:23:38","modified_gmt":"2012-02-04T22:23:38","slug":"governador-nega-anistia-para-policiais-que-fizeram-vandalismo","status":"publish","type":"post","link":"https:\/\/www.sudoestehoje.com.br\/novoportal\/2012\/02\/04\/governador-nega-anistia-para-policiais-que-fizeram-vandalismo\/","title":{"rendered":"GOVERNADOR NEGA ANISTIA PARA POLICIAIS QUE FIZERAM VANDALISMO"},"content":{"rendered":"<p><img decoding=\"async\" class=\"aligncenter\" src=\"http:\/\/www.conversaafiada.com.br\/wp-content\/uploads\/2012\/02\/armas-bahia_tv.jpg\" alt=\"\" width=\"500\" \/><\/p>\n<p>&nbsp;<\/p>\n<p>O governador Jaques Wagner disse acreditar na participa\u00e7\u00e3o de policiais militares grevistas em homic\u00eddios e saques ocorridos em Salvador nas \u00faltimas horas. \u201cParte dos crimes pode ser parte da opera\u00e7\u00e3o montada, da tentativa de criar um clima de desespero na popula\u00e7\u00e3o para fazer o governo sucumbir, uma tentativa de guerra psicol\u00f3gica, como ocorreu recentemente em outros Estados, como o Maranh\u00e3o e o Cear\u00e1\u201d, disse o governador, na manh\u00e3 deste s\u00e1bado (4). \u201cN\u00e3o tenho d\u00favida que parte de tudo isso \u00e9 cometido por ordem dos criminosos que se autointitulam l\u00edderes do movimento.\u201d<\/p>\n<p>O governador tamb\u00e9m negou a possibilidade de anistia dos policiais militares que tiverem cometido atos de vandalismo ou viol\u00eancia durante a paralisa\u00e7\u00e3o \u2013 um dos itens da pauta de reivindica\u00e7\u00f5es tanto dos PMs grevistas (cerca de um ter\u00e7o da corpora\u00e7\u00e3o, de 32 mil homens), quanto dos que continuam trabalhando. \u201cN\u00e3o existe essa possibilidade, n\u00e3o vejo como anistiar, perdoar, o que quer que seja\u201d, disse. \u201cIsso seria como eu dizer a outros criminosos que amanh\u00e3 ele pode ser anistiado.\u201d (Estad\u00e3o) As informa\u00e7\u00f5es s\u00e3o do Estad\u00e3o.<\/p>\n","protected":false},"excerpt":{"rendered":"<p>&nbsp; O governador Jaques Wagner disse acreditar na participa\u00e7\u00e3o de policiais militares grevistas em homic\u00eddios e saques ocorridos em Salvador nas \u00faltimas horas. \u201cParte dos crimes pode ser parte da opera\u00e7\u00e3o montada, da tentativa de criar um clima de desespero na popula\u00e7\u00e3o para fazer o governo sucumbir, uma tentativa de guerra psicol\u00f3gica, como ocorreu recentemente [&hellip;]<\/p>\n","protected":false},"author":2,"featured_media":0,"comment_status":"open","ping_status":"open","sticky":false,"template":"","format":"standard","meta":{"footnotes":"","_links_to":"","_links_to_target":""},"categories":[1],"tags":[],"class_list":["post-12590","post","type-post","status-publish","format-standard","hentry","category-geral"],"views":1161,"_links":{"self":[{"href":"https:\/\/www.sudoestehoje.com.br\/novoportal\/wp-json\/wp\/v2\/posts\/12590","targetHints":{"allow":["GET"]}}],"collection":[{"href":"https:\/\/www.sudoestehoje.com.br\/novoportal\/wp-json\/wp\/v2\/posts"}],"about":[{"href":"https:\/\/www.sudoestehoje.com.br\/novoportal\/wp-json\/wp\/v2\/types\/post"}],"author":[{"embeddable":true,"href":"https:\/\/www.sudoestehoje.com.br\/novoportal\/wp-json\/wp\/v2\/users\/2"}],"replies":[{"embeddable":true,"href":"https:\/\/www.sudoestehoje.com.br\/novoportal\/wp-json\/wp\/v2\/comments?post=12590"}],"version-history":[{"count":2,"href":"https:\/\/www.sudoestehoje.com.br\/novoportal\/wp-json\/wp\/v2\/posts\/12590\/revisions"}],"predecessor-version":[{"id":12592,"href":"https:\/\/www.sudoestehoje.com.br\/novoportal\/wp-json\/wp\/v2\/posts\/12590\/revisions\/12592"}],"wp:attachment":[{"href":"https:\/\/www.sudoestehoje.com.br\/novoportal\/wp-json\/wp\/v2\/media?parent=12590"}],"wp:term":[{"taxonomy":"category","embeddable":true,"href":"https:\/\/www.sudoestehoje.com.br\/novoportal\/wp-json\/wp\/v2\/categories?post=12590"},{"taxonomy":"post_tag","embeddable":true,"href":"https:\/\/www.sudoestehoje.com.br\/novoportal\/wp-json\/wp\/v2\/tags?post=12590"}],"curies":[{"name":"wp","href":"https:\/\/api.w.org\/{rel}","templated":true}]}}