
{"id":12584,"date":"2012-02-04T08:33:15","date_gmt":"2012-02-04T11:33:15","guid":{"rendered":"http:\/\/www.sudoestehoje.com.br\/novoportal\/?p=12584"},"modified":"2012-02-04T08:33:15","modified_gmt":"2012-02-04T11:33:15","slug":"pms-temem-invasao-da-assembleia-e-ameacam-suspender-negociacoes","status":"publish","type":"post","link":"https:\/\/www.sudoestehoje.com.br\/novoportal\/2012\/02\/04\/pms-temem-invasao-da-assembleia-e-ameacam-suspender-negociacoes\/","title":{"rendered":"PMs TEMEM INVAS\u00c3O DA ASSEMBL\u00c9IA E AMEA\u00c7AM SUSPENDER NEGOCIA\u00c7\u00d5ES"},"content":{"rendered":"<p><img decoding=\"async\" class=\"aligncenter\" src=\"http:\/\/n.i.uol.com.br\/ultnot\/album\/120201_f_033.jpg\" alt=\"\" width=\"400\" \/><\/p>\n<p>&nbsp;<\/p>\n<p>Os policiais militares que est\u00e3o acampados na Assembleia Legislativa da Bahia (AL-BA), desde a deflagra\u00e7\u00e3o da greve de parte da categoria, viveram uma noite de tens\u00e3o nesta sexta-feira (3), ap\u00f3s tomarem conhecimento de que o governador Jaques Wagner teria determinado a invas\u00e3o do local. Uma fonte ligada a oficiais da corpora\u00e7\u00e3o informou que a ordem n\u00e3o teria sido direcionada \u00e0s tropas federais que est\u00e3o no estado, mas ao Batalh\u00e3o de Choque da PM, que teria se recusado a cumprir a determina\u00e7\u00e3o. At\u00e9 \u00e0s 23h50 desta sexta, a movimenta\u00e7\u00e3o na AL-BA era normal, com discursos de alguns manifestantes e sem qualquer sinal do Batalh\u00e3o de Choque.<\/p>\n<p>Cinco associa\u00e7\u00f5es da PM divulgaram uma nota de rep\u00fadio contra qualquer manifesta\u00e7\u00e3o violenta que possa ocorrer contra os colegas amotinados. Um trecho da nota revela o recha\u00e7o a \u201cqualquer forma de resolu\u00e7\u00e3o violenta que ponha em risco a integridade f\u00edsica e a vida de qualquer policial militar ou de qualquer outro cidad\u00e3o\u201d. O comunicado afirma ainda que, se tal amea\u00e7a se concretizar, os grevistas se afastar\u00e3o imediatamente do processo de negocia\u00e7\u00e3o e responsabilizar\u00e3o o governo do Estado por qualquer incidente decorrente. Informa\u00e7\u00f5es do jornal A Tarde.<\/p>\n","protected":false},"excerpt":{"rendered":"<p>&nbsp; Os policiais militares que est\u00e3o acampados na Assembleia Legislativa da Bahia (AL-BA), desde a deflagra\u00e7\u00e3o da greve de parte da categoria, viveram uma noite de tens\u00e3o nesta sexta-feira (3), ap\u00f3s tomarem conhecimento de que o governador Jaques Wagner teria determinado a invas\u00e3o do local. Uma fonte ligada a oficiais da corpora\u00e7\u00e3o informou que a [&hellip;]<\/p>\n","protected":false},"author":2,"featured_media":0,"comment_status":"open","ping_status":"open","sticky":false,"template":"","format":"standard","meta":{"footnotes":"","_links_to":"","_links_to_target":""},"categories":[1],"tags":[],"class_list":["post-12584","post","type-post","status-publish","format-standard","hentry","category-geral"],"views":1182,"_links":{"self":[{"href":"https:\/\/www.sudoestehoje.com.br\/novoportal\/wp-json\/wp\/v2\/posts\/12584","targetHints":{"allow":["GET"]}}],"collection":[{"href":"https:\/\/www.sudoestehoje.com.br\/novoportal\/wp-json\/wp\/v2\/posts"}],"about":[{"href":"https:\/\/www.sudoestehoje.com.br\/novoportal\/wp-json\/wp\/v2\/types\/post"}],"author":[{"embeddable":true,"href":"https:\/\/www.sudoestehoje.com.br\/novoportal\/wp-json\/wp\/v2\/users\/2"}],"replies":[{"embeddable":true,"href":"https:\/\/www.sudoestehoje.com.br\/novoportal\/wp-json\/wp\/v2\/comments?post=12584"}],"version-history":[{"count":4,"href":"https:\/\/www.sudoestehoje.com.br\/novoportal\/wp-json\/wp\/v2\/posts\/12584\/revisions"}],"predecessor-version":[{"id":12588,"href":"https:\/\/www.sudoestehoje.com.br\/novoportal\/wp-json\/wp\/v2\/posts\/12584\/revisions\/12588"}],"wp:attachment":[{"href":"https:\/\/www.sudoestehoje.com.br\/novoportal\/wp-json\/wp\/v2\/media?parent=12584"}],"wp:term":[{"taxonomy":"category","embeddable":true,"href":"https:\/\/www.sudoestehoje.com.br\/novoportal\/wp-json\/wp\/v2\/categories?post=12584"},{"taxonomy":"post_tag","embeddable":true,"href":"https:\/\/www.sudoestehoje.com.br\/novoportal\/wp-json\/wp\/v2\/tags?post=12584"}],"curies":[{"name":"wp","href":"https:\/\/api.w.org\/{rel}","templated":true}]}}