
{"id":12579,"date":"2012-02-03T20:45:34","date_gmt":"2012-02-03T23:45:34","guid":{"rendered":"http:\/\/www.sudoestehoje.com.br\/novoportal\/?p=12579"},"modified":"2012-02-03T20:45:34","modified_gmt":"2012-02-03T23:45:34","slug":"wagner-condena-intimidacao-e-desordem-promovidas-por-pms","status":"publish","type":"post","link":"https:\/\/www.sudoestehoje.com.br\/novoportal\/2012\/02\/03\/wagner-condena-intimidacao-e-desordem-promovidas-por-pms\/","title":{"rendered":"WAGNER CONDENA &#8220;INTIMIDA\u00c7\u00c3O E DESORDEM&#8221; PROMOVIDAS POR PMs"},"content":{"rendered":"<p><img decoding=\"async\" class=\"aligncenter\" src=\"http:\/\/www.bahianoticias.com.br\/fotos\/principal_noticias\/110512\/IMAGEM_NOTICIA_5.jpg\" alt=\"Wagner falar\u00e1 em cadeia estadual de r\u00e1dio e TV sobre greve da PM\" width=\"400\" \/><\/p>\n<p>&nbsp;<\/p>\n<p>O governador Jaques Wagner se pronunciou em rede estadual de r\u00e1dio e TV na noite desta sexta-feira (3) e falou sobre a situa\u00e7\u00e3o de inseguran\u00e7a e &#8220;intranquilidade&#8221; na Bahia depois que uma associa\u00e7\u00e3o de Policiais Militares decretou greve esta semana. O governador afirmou que doze mandados de pris\u00e3o j\u00e1 foram expedidos desde o in\u00edcio da greve parcial. O pronunciamento durou 3 minutos.<\/p>\n<p>Wagner disse que agiu &#8220;imediatamente e com rigor&#8221; contra um grupo de policiais que usou &#8220;m\u00e9todos conden\u00e1veis&#8221; que causaram medo na popula\u00e7\u00e3o. Wagner ressaltou investimentos na seguran\u00e7a e disse que o seu governo sempre esteve aberto a negocia\u00e7\u00f5es.<\/p>\n<p>&#8220;N\u00e3o podemos conviver com um movimento j\u00e1 decretado ilegal pela Justi\u00e7a baiana&#8221;, disse o governador em seu discurso. Wagner reconheceu que &#8220;n\u00e3o estamos em uma situa\u00e7\u00e3o ideal&#8221;, mas falou sobre o refor\u00e7o de mais de 2 mil homens da For\u00e7a Nacional e do Ex\u00e9rcito, enviados ap\u00f3s pedido \u00e0 presidente Dilma Rousseff.<\/p>\n<p>Wagner convocou todos os oficiais da Pol\u00edcia Militar que tenham paralisado as atividades a retornar ao trabalho. Ele disse que n\u00e3o permitiria que &#8220;um pequeno grupo, de forma irrespons\u00e1vel, cometa atos de desordem, para assustar nossa popula\u00e7\u00e3o&#8221;.<\/p>\n<p>&#8220;Vamos continuar trabalhando firmemente para melhorar as condi\u00e7\u00f5es de trabalho das pol\u00edcias da Bahia&#8221;, assegurou. &#8220;A PM n\u00e3o pode virar instrumento de intimida\u00e7\u00e3o e desordem&#8221;, continuou Wagner, antes de encerrar: &#8220;Contem com seu governador&#8221;.<\/p>\n<p><em><strong>Correio<\/strong><\/em><\/p>\n","protected":false},"excerpt":{"rendered":"<p>&nbsp; O governador Jaques Wagner se pronunciou em rede estadual de r\u00e1dio e TV na noite desta sexta-feira (3) e falou sobre a situa\u00e7\u00e3o de inseguran\u00e7a e &#8220;intranquilidade&#8221; na Bahia depois que uma associa\u00e7\u00e3o de Policiais Militares decretou greve esta semana. O governador afirmou que doze mandados de pris\u00e3o j\u00e1 foram expedidos desde o in\u00edcio [&hellip;]<\/p>\n","protected":false},"author":2,"featured_media":0,"comment_status":"open","ping_status":"open","sticky":false,"template":"","format":"standard","meta":{"footnotes":"","_links_to":"","_links_to_target":""},"categories":[1],"tags":[],"class_list":["post-12579","post","type-post","status-publish","format-standard","hentry","category-geral"],"views":1876,"_links":{"self":[{"href":"https:\/\/www.sudoestehoje.com.br\/novoportal\/wp-json\/wp\/v2\/posts\/12579","targetHints":{"allow":["GET"]}}],"collection":[{"href":"https:\/\/www.sudoestehoje.com.br\/novoportal\/wp-json\/wp\/v2\/posts"}],"about":[{"href":"https:\/\/www.sudoestehoje.com.br\/novoportal\/wp-json\/wp\/v2\/types\/post"}],"author":[{"embeddable":true,"href":"https:\/\/www.sudoestehoje.com.br\/novoportal\/wp-json\/wp\/v2\/users\/2"}],"replies":[{"embeddable":true,"href":"https:\/\/www.sudoestehoje.com.br\/novoportal\/wp-json\/wp\/v2\/comments?post=12579"}],"version-history":[{"count":4,"href":"https:\/\/www.sudoestehoje.com.br\/novoportal\/wp-json\/wp\/v2\/posts\/12579\/revisions"}],"predecessor-version":[{"id":12583,"href":"https:\/\/www.sudoestehoje.com.br\/novoportal\/wp-json\/wp\/v2\/posts\/12579\/revisions\/12583"}],"wp:attachment":[{"href":"https:\/\/www.sudoestehoje.com.br\/novoportal\/wp-json\/wp\/v2\/media?parent=12579"}],"wp:term":[{"taxonomy":"category","embeddable":true,"href":"https:\/\/www.sudoestehoje.com.br\/novoportal\/wp-json\/wp\/v2\/categories?post=12579"},{"taxonomy":"post_tag","embeddable":true,"href":"https:\/\/www.sudoestehoje.com.br\/novoportal\/wp-json\/wp\/v2\/tags?post=12579"}],"curies":[{"name":"wp","href":"https:\/\/api.w.org\/{rel}","templated":true}]}}