
{"id":12571,"date":"2012-02-03T19:49:42","date_gmt":"2012-02-03T22:49:42","guid":{"rendered":"http:\/\/www.sudoestehoje.com.br\/novoportal\/?p=12571"},"modified":"2012-02-03T19:51:19","modified_gmt":"2012-02-03T22:51:19","slug":"2-mil-homens-das-forcas-armadas-ja-estao-em-salvador-e-interior","status":"publish","type":"post","link":"https:\/\/www.sudoestehoje.com.br\/novoportal\/2012\/02\/03\/2-mil-homens-das-forcas-armadas-ja-estao-em-salvador-e-interior\/","title":{"rendered":"2 MIL HOMENS DAS FOR\u00c7AS ARMADAS J\u00c1 EST\u00c3O EM SALVADOR E INTERIOR"},"content":{"rendered":"<p><img decoding=\"async\" class=\"aligncenter\" src=\"http:\/\/www.bahianoticias.com.br\/fotos\/principal_noticias\/110535\/IMAGEM_NOTICIA_5.jpg\" alt=\"Refor\u00e7o de dois mil homens das For\u00e7as Armadas j\u00e1 est\u00e1 em Salvador e no interior\" \/><\/p>\n<p style=\"text-align: center;\"><strong><em>For\u00e7as Armadas auxiliam na seguran\u00e7a da Bahia durante greve da PM\u00a0<\/em><\/strong><\/p>\n<p>&nbsp;<\/p>\n<p>Mais de dois mil homens das For\u00e7as Armadas e do Ex\u00e9rcito Brasileiro j\u00e1 est\u00e3o nas ruas de Salvador e do interior do estado nesta sexta-feira (3) para auxiliar na seguran\u00e7a do estado enquanto durar a greve de uma parcela da Pol\u00edcia Militar.\u00a0Tr\u00eas aeronaves da For\u00e7a A\u00e9rea Brasileira (FAB) participam da opera\u00e7\u00e3o de transporte dos militares que tamb\u00e9m por via a\u00e9rea e terrestre de Sergipe, Alagoas, Rio de Janeiro, Pernambuco, Para\u00edba e Rio Grande do Norte. Neste s\u00e1bado (4), desembarcam outros 600 militares federais que v\u00e3o se somar a esse contingente. BN<\/p>\n","protected":false},"excerpt":{"rendered":"<p>For\u00e7as Armadas auxiliam na seguran\u00e7a da Bahia durante greve da PM\u00a0 &nbsp; Mais de dois mil homens das For\u00e7as Armadas e do Ex\u00e9rcito Brasileiro j\u00e1 est\u00e3o nas ruas de Salvador e do interior do estado nesta sexta-feira (3) para auxiliar na seguran\u00e7a do estado enquanto durar a greve de uma parcela da Pol\u00edcia Militar.\u00a0Tr\u00eas aeronaves [&hellip;]<\/p>\n","protected":false},"author":2,"featured_media":0,"comment_status":"open","ping_status":"open","sticky":false,"template":"","format":"standard","meta":{"footnotes":"","_links_to":"","_links_to_target":""},"categories":[1],"tags":[],"class_list":["post-12571","post","type-post","status-publish","format-standard","hentry","category-geral"],"views":1175,"_links":{"self":[{"href":"https:\/\/www.sudoestehoje.com.br\/novoportal\/wp-json\/wp\/v2\/posts\/12571","targetHints":{"allow":["GET"]}}],"collection":[{"href":"https:\/\/www.sudoestehoje.com.br\/novoportal\/wp-json\/wp\/v2\/posts"}],"about":[{"href":"https:\/\/www.sudoestehoje.com.br\/novoportal\/wp-json\/wp\/v2\/types\/post"}],"author":[{"embeddable":true,"href":"https:\/\/www.sudoestehoje.com.br\/novoportal\/wp-json\/wp\/v2\/users\/2"}],"replies":[{"embeddable":true,"href":"https:\/\/www.sudoestehoje.com.br\/novoportal\/wp-json\/wp\/v2\/comments?post=12571"}],"version-history":[{"count":4,"href":"https:\/\/www.sudoestehoje.com.br\/novoportal\/wp-json\/wp\/v2\/posts\/12571\/revisions"}],"predecessor-version":[{"id":12574,"href":"https:\/\/www.sudoestehoje.com.br\/novoportal\/wp-json\/wp\/v2\/posts\/12571\/revisions\/12574"}],"wp:attachment":[{"href":"https:\/\/www.sudoestehoje.com.br\/novoportal\/wp-json\/wp\/v2\/media?parent=12571"}],"wp:term":[{"taxonomy":"category","embeddable":true,"href":"https:\/\/www.sudoestehoje.com.br\/novoportal\/wp-json\/wp\/v2\/categories?post=12571"},{"taxonomy":"post_tag","embeddable":true,"href":"https:\/\/www.sudoestehoje.com.br\/novoportal\/wp-json\/wp\/v2\/tags?post=12571"}],"curies":[{"name":"wp","href":"https:\/\/api.w.org\/{rel}","templated":true}]}}