
{"id":1257,"date":"2010-10-15T17:45:18","date_gmt":"2010-10-15T20:45:18","guid":{"rendered":"http:\/\/sudoestehoje.tempsite.ws\/novoportal\/?p=1257"},"modified":"2010-10-15T17:45:18","modified_gmt":"2010-10-15T20:45:18","slug":"agencias-bancarias-mudam-horario-a-partir-de-segunda","status":"publish","type":"post","link":"https:\/\/www.sudoestehoje.com.br\/novoportal\/2010\/10\/15\/agencias-bancarias-mudam-horario-a-partir-de-segunda\/","title":{"rendered":"Ag\u00eancias banc\u00e1rias mudam hor\u00e1rio a partir de segunda"},"content":{"rendered":"<p style=\"text-align: center;\"><input src=\"http:\/\/www.bahianoticias.com.br\/fotos\/editor\/Image\/agencia-bancobrasil.jpg\" type=\"image\" \/><\/p>\n<p>As ag\u00eancias banc\u00e1rias do interior baiano abrir\u00e3o e fechar\u00e3o uma hora mais cedo a partir da pr\u00f3xima segunda-feira (18) devido ao hor\u00e1rio de ver\u00e3o. Segundo a Federa\u00e7\u00e3o Brasileira de Bancos (Febraban), a medida tem como objetivo favorecer o funcionamento do servi\u00e7o de compensa\u00e7\u00e3o. J\u00e1 os\u00a0hor\u00e1rios de atendimentos em Salvador e Regi\u00e3o Metropolitana n\u00e3o sofrer\u00e3o mudan\u00e7as. Informa\u00e7\u00f5es do Correio da Bahia.<\/p>\n","protected":false},"excerpt":{"rendered":"<p>As ag\u00eancias banc\u00e1rias do interior baiano abrir\u00e3o e fechar\u00e3o uma hora mais cedo a partir da pr\u00f3xima segunda-feira (18) devido ao hor\u00e1rio de ver\u00e3o. Segundo a Federa\u00e7\u00e3o Brasileira de Bancos (Febraban), a medida tem como objetivo favorecer o funcionamento do servi\u00e7o de compensa\u00e7\u00e3o. J\u00e1 os\u00a0hor\u00e1rios de atendimentos em Salvador e Regi\u00e3o Metropolitana n\u00e3o sofrer\u00e3o mudan\u00e7as. [&hellip;]<\/p>\n","protected":false},"author":2,"featured_media":0,"comment_status":"open","ping_status":"open","sticky":false,"template":"","format":"standard","meta":{"footnotes":"","_links_to":"","_links_to_target":""},"categories":[1],"tags":[],"class_list":["post-1257","post","type-post","status-publish","format-standard","hentry","category-geral"],"views":1141,"_links":{"self":[{"href":"https:\/\/www.sudoestehoje.com.br\/novoportal\/wp-json\/wp\/v2\/posts\/1257","targetHints":{"allow":["GET"]}}],"collection":[{"href":"https:\/\/www.sudoestehoje.com.br\/novoportal\/wp-json\/wp\/v2\/posts"}],"about":[{"href":"https:\/\/www.sudoestehoje.com.br\/novoportal\/wp-json\/wp\/v2\/types\/post"}],"author":[{"embeddable":true,"href":"https:\/\/www.sudoestehoje.com.br\/novoportal\/wp-json\/wp\/v2\/users\/2"}],"replies":[{"embeddable":true,"href":"https:\/\/www.sudoestehoje.com.br\/novoportal\/wp-json\/wp\/v2\/comments?post=1257"}],"version-history":[{"count":3,"href":"https:\/\/www.sudoestehoje.com.br\/novoportal\/wp-json\/wp\/v2\/posts\/1257\/revisions"}],"predecessor-version":[{"id":1260,"href":"https:\/\/www.sudoestehoje.com.br\/novoportal\/wp-json\/wp\/v2\/posts\/1257\/revisions\/1260"}],"wp:attachment":[{"href":"https:\/\/www.sudoestehoje.com.br\/novoportal\/wp-json\/wp\/v2\/media?parent=1257"}],"wp:term":[{"taxonomy":"category","embeddable":true,"href":"https:\/\/www.sudoestehoje.com.br\/novoportal\/wp-json\/wp\/v2\/categories?post=1257"},{"taxonomy":"post_tag","embeddable":true,"href":"https:\/\/www.sudoestehoje.com.br\/novoportal\/wp-json\/wp\/v2\/tags?post=1257"}],"curies":[{"name":"wp","href":"https:\/\/api.w.org\/{rel}","templated":true}]}}