
{"id":12561,"date":"2012-02-03T19:20:31","date_gmt":"2012-02-03T22:20:31","guid":{"rendered":"http:\/\/www.sudoestehoje.com.br\/novoportal\/?p=12561"},"modified":"2012-02-03T19:20:31","modified_gmt":"2012-02-03T22:20:31","slug":"itapetinga-executiva-provisoria-do-psb-e-homologada","status":"publish","type":"post","link":"https:\/\/www.sudoestehoje.com.br\/novoportal\/2012\/02\/03\/itapetinga-executiva-provisoria-do-psb-e-homologada\/","title":{"rendered":"ITAPETINGA: EXECUTIVA PROVIS\u00d3RIA DO PSB \u00c9 HOMOLOGADA"},"content":{"rendered":"<div id=\"attachment_12562\" style=\"width: 510px\" class=\"wp-caption aligncenter\"><a href=\"http:\/\/www.sudoestehoje.com.br\/novoportal\/wp-content\/uploads\/2012\/02\/comissao.png\"><img decoding=\"async\" aria-describedby=\"caption-attachment-12562\" class=\"size-full wp-image-12562 \" title=\"comissao\" src=\"http:\/\/www.sudoestehoje.com.br\/novoportal\/wp-content\/uploads\/2012\/02\/comissao.png\" alt=\"\" width=\"500\" \/><\/a><p id=\"caption-attachment-12562\" class=\"wp-caption-text\">MEMBROS DA NOVA EXECUTIVA PROVIS\u00d3RIA MUNICIPAL DO PARTIDO SOCIALISTA BRASILEIRO - PSB<\/p><\/div>\n<p>&nbsp;<\/p>\n<p>ITAPETINGA: Foi homologada nesse dia 31 de janeiro de 2012 a\u00a0 Comiss\u00e3o Provis\u00f3ria Municipal do Partido Socialista Brasileiro de Itapetinga. Em reuni\u00e3o realizada na Sala Vip da C\u00e2mara Municipal de Vereadores ficou definido os nomes que comp\u00f5em o n\u00facleo de dire\u00e7\u00e3o do PSB de Itapetinga.<\/p>\n<p>Os\u00a0 dirigentes escolhidos t\u00eam a responsabilidade de elaborar o plano de crescimento do Partido e a estrat\u00e9gia eleitora para 2012. O mandato da comiss\u00e3o, como determina o estatuto partid\u00e1rio,\u00a0 vai de 31 de janeiro de 2012 \u00e0 31 de janeiro de 2013, per\u00edodo em que pode-se organizar o Diret\u00f3rio Municipal. Foram eleitos na reuni\u00e3o para dirigir os destinos do PSB at\u00e9 2013 os seguintes socialistas e seus respectivos cargos:<\/p>\n<ul>\n<li>Presidente o pedagogo e dirigente da federa\u00e7\u00e3o dos trabalhadores e trabalhadoras p\u00fablico da Bahia, Jorge Ferreira Rodrigues;<\/li>\n<li>Secret\u00e1rio Geral o pedagogo e fiscal do estado, Jilvam Oleg\u00e1rio Silva;<\/li>\n<li>Segundo Secret\u00e1rio o comerciante e vereador, Derisvaldo Silva Morais;<\/li>\n<li>Tesoureiro o assistente social e agente de policia, Fernando Viana de Carvalho;<\/li>\n<li>Vogal de Marketing e Comunica\u00e7\u00e3o, o empres\u00e1rio e gestor ambiental,\u00a0 Marcelo Alves Santana;<\/li>\n<li>Vogal das Organiza\u00e7\u00f5es Sociais o dirigente da Federa\u00e7\u00e3o dos Trabalhadores P\u00fablicos e presidente do SINDITATIBA, Ivanildo Almeida Pires;<\/li>\n<li>Vogal de G\u00eanero a dirigente da CUT Regional, Jovenice Santana Andr\u00e9.<\/li>\n<\/ul>\n<p>Ficou previsto para a primeira quizena de fevereiro a finaliza\u00e7\u00e3o do programa de gest\u00e3o democr\u00e1tica defendida pelo PSB para a administra\u00e7\u00e3o municipal e a divulga\u00e7\u00e3o dos pr\u00e9-candidatos a prefeito e vereadores.<\/p>\n<p><strong><em>Ascom PSB Itapetinga<\/em><\/strong><\/p>\n","protected":false},"excerpt":{"rendered":"<p>&nbsp; ITAPETINGA: Foi homologada nesse dia 31 de janeiro de 2012 a\u00a0 Comiss\u00e3o Provis\u00f3ria Municipal do Partido Socialista Brasileiro de Itapetinga. Em reuni\u00e3o realizada na Sala Vip da C\u00e2mara Municipal de Vereadores ficou definido os nomes que comp\u00f5em o n\u00facleo de dire\u00e7\u00e3o do PSB de Itapetinga. Os\u00a0 dirigentes escolhidos t\u00eam a responsabilidade de elaborar o [&hellip;]<\/p>\n","protected":false},"author":2,"featured_media":0,"comment_status":"open","ping_status":"open","sticky":false,"template":"","format":"standard","meta":{"footnotes":"","_links_to":"","_links_to_target":""},"categories":[1],"tags":[],"class_list":["post-12561","post","type-post","status-publish","format-standard","hentry","category-geral"],"views":1130,"_links":{"self":[{"href":"https:\/\/www.sudoestehoje.com.br\/novoportal\/wp-json\/wp\/v2\/posts\/12561","targetHints":{"allow":["GET"]}}],"collection":[{"href":"https:\/\/www.sudoestehoje.com.br\/novoportal\/wp-json\/wp\/v2\/posts"}],"about":[{"href":"https:\/\/www.sudoestehoje.com.br\/novoportal\/wp-json\/wp\/v2\/types\/post"}],"author":[{"embeddable":true,"href":"https:\/\/www.sudoestehoje.com.br\/novoportal\/wp-json\/wp\/v2\/users\/2"}],"replies":[{"embeddable":true,"href":"https:\/\/www.sudoestehoje.com.br\/novoportal\/wp-json\/wp\/v2\/comments?post=12561"}],"version-history":[{"count":5,"href":"https:\/\/www.sudoestehoje.com.br\/novoportal\/wp-json\/wp\/v2\/posts\/12561\/revisions"}],"predecessor-version":[{"id":12567,"href":"https:\/\/www.sudoestehoje.com.br\/novoportal\/wp-json\/wp\/v2\/posts\/12561\/revisions\/12567"}],"wp:attachment":[{"href":"https:\/\/www.sudoestehoje.com.br\/novoportal\/wp-json\/wp\/v2\/media?parent=12561"}],"wp:term":[{"taxonomy":"category","embeddable":true,"href":"https:\/\/www.sudoestehoje.com.br\/novoportal\/wp-json\/wp\/v2\/categories?post=12561"},{"taxonomy":"post_tag","embeddable":true,"href":"https:\/\/www.sudoestehoje.com.br\/novoportal\/wp-json\/wp\/v2\/tags?post=12561"}],"curies":[{"name":"wp","href":"https:\/\/api.w.org\/{rel}","templated":true}]}}