
{"id":12553,"date":"2012-02-03T18:46:19","date_gmt":"2012-02-03T21:46:19","guid":{"rendered":"http:\/\/www.sudoestehoje.com.br\/novoportal\/?p=12553"},"modified":"2012-02-03T18:46:19","modified_gmt":"2012-02-03T21:46:19","slug":"caos-no-banco-do-brasil","status":"publish","type":"post","link":"https:\/\/www.sudoestehoje.com.br\/novoportal\/2012\/02\/03\/caos-no-banco-do-brasil\/","title":{"rendered":"CAOS NO BANCO DO BRASIL"},"content":{"rendered":"<div id=\"attachment_12557\" style=\"width: 510px\" class=\"wp-caption aligncenter\"><a href=\"http:\/\/www.sudoestehoje.com.br\/novoportal\/wp-content\/uploads\/2012\/02\/BB.jpg\"><img loading=\"lazy\" decoding=\"async\" aria-describedby=\"caption-attachment-12557\" class=\"size-medium wp-image-12557\" title=\"BB\" src=\"http:\/\/www.sudoestehoje.com.br\/novoportal\/wp-content\/uploads\/2012\/02\/BB-500x279.jpg\" alt=\"\" width=\"500\" height=\"279\" srcset=\"https:\/\/www.sudoestehoje.com.br\/novoportal\/wp-content\/uploads\/2012\/02\/BB-500x279.jpg 500w, https:\/\/www.sudoestehoje.com.br\/novoportal\/wp-content\/uploads\/2012\/02\/BB-1024x572.jpg 1024w, https:\/\/www.sudoestehoje.com.br\/novoportal\/wp-content\/uploads\/2012\/02\/BB.jpg 1279w\" sizes=\"auto, (max-width: 500px) 100vw, 500px\" \/><\/a><p id=\"caption-attachment-12557\" class=\"wp-caption-text\">Conserto em um aparelho de ar condicionado deixou um buraco aberto na parede, comprometendo a seguran\u00e7a da ag\u00eancia.<\/p><\/div>\n<p>&nbsp;<\/p>\n<p>ITAPETINGA: O Sindicato dos Banc\u00e1rios flagrou cenas de total descaso no Banco do Brasil em Itapetinga. A unidade est\u00e1 funcionando sem ar condicionado desde dezembro de 2011, quando uma empresa foi contratada para a instala\u00e7\u00e3o de um ar condicionado central.<\/p>\n<p>Os 21 funcion\u00e1rios e diversos clientes est\u00e3o em situa\u00e7\u00e3o de risco por conta de fios expostos e buracos nas paredes. O forro do pr\u00e9dio foi retirado e at\u00e9 mesmo a ilumina\u00e7\u00e3o do local foi prejudicada.\u201cMuitos clientes teriam passado mal por causa do calor, sem falar dos riscos em decorr\u00eancia de problemas na parte el\u00e9trica\u201d, alerta o Diretor Regional do Sindicato, Am\u00e9rico Carregosa.<\/p>\n<p>POSI\u00c7\u00c3O DO BB<\/p>\n<p>Nesta quarta feira, gestores do Banco do Brasil informaram que uma nova empresa foi contratada para finalizar a troca dos aparelhos de ar. O Sindicato entrevistou banc\u00e1rios que trabalham na unidade e a reclama\u00e7\u00e3o \u00e9 \u00fanica: o calor insuport\u00e1vel afeta nossas condi\u00e7\u00f5es de trabalho e n\u00e3o recebemos nenhuma orienta\u00e7\u00e3o por parte dos gestores, relatou um dos funcion\u00e1rios ouvidos pelo jornal O Piquete.<\/p>\n<p>Veja\u00a0<a href=\"https:\/\/picasaweb.google.com\/113883515232794282315\/BBDescasoEmItapetinga\" target=\"_blank\"><strong>aqui<\/strong><\/a>\u00a0outras fotos da ag\u00eancia.<\/p>\n<p><strong><em>Ascom \u00a0Sindicato dos Banc\u00e1rios\u00a0<\/em><\/strong><\/p>\n","protected":false},"excerpt":{"rendered":"<p>&nbsp; ITAPETINGA: O Sindicato dos Banc\u00e1rios flagrou cenas de total descaso no Banco do Brasil em Itapetinga. A unidade est\u00e1 funcionando sem ar condicionado desde dezembro de 2011, quando uma empresa foi contratada para a instala\u00e7\u00e3o de um ar condicionado central. Os 21 funcion\u00e1rios e diversos clientes est\u00e3o em situa\u00e7\u00e3o de risco por conta de [&hellip;]<\/p>\n","protected":false},"author":2,"featured_media":0,"comment_status":"open","ping_status":"open","sticky":false,"template":"","format":"standard","meta":{"footnotes":"","_links_to":"","_links_to_target":""},"categories":[1],"tags":[],"class_list":["post-12553","post","type-post","status-publish","format-standard","hentry","category-geral"],"views":1017,"_links":{"self":[{"href":"https:\/\/www.sudoestehoje.com.br\/novoportal\/wp-json\/wp\/v2\/posts\/12553","targetHints":{"allow":["GET"]}}],"collection":[{"href":"https:\/\/www.sudoestehoje.com.br\/novoportal\/wp-json\/wp\/v2\/posts"}],"about":[{"href":"https:\/\/www.sudoestehoje.com.br\/novoportal\/wp-json\/wp\/v2\/types\/post"}],"author":[{"embeddable":true,"href":"https:\/\/www.sudoestehoje.com.br\/novoportal\/wp-json\/wp\/v2\/users\/2"}],"replies":[{"embeddable":true,"href":"https:\/\/www.sudoestehoje.com.br\/novoportal\/wp-json\/wp\/v2\/comments?post=12553"}],"version-history":[{"count":5,"href":"https:\/\/www.sudoestehoje.com.br\/novoportal\/wp-json\/wp\/v2\/posts\/12553\/revisions"}],"predecessor-version":[{"id":12559,"href":"https:\/\/www.sudoestehoje.com.br\/novoportal\/wp-json\/wp\/v2\/posts\/12553\/revisions\/12559"}],"wp:attachment":[{"href":"https:\/\/www.sudoestehoje.com.br\/novoportal\/wp-json\/wp\/v2\/media?parent=12553"}],"wp:term":[{"taxonomy":"category","embeddable":true,"href":"https:\/\/www.sudoestehoje.com.br\/novoportal\/wp-json\/wp\/v2\/categories?post=12553"},{"taxonomy":"post_tag","embeddable":true,"href":"https:\/\/www.sudoestehoje.com.br\/novoportal\/wp-json\/wp\/v2\/tags?post=12553"}],"curies":[{"name":"wp","href":"https:\/\/api.w.org\/{rel}","templated":true}]}}