
{"id":125402,"date":"2026-09-04T10:19:13","date_gmt":"2026-09-04T13:19:13","guid":{"rendered":"https:\/\/www.sudoestehoje.com.br\/novoportal\/?p=125402"},"modified":"2026-09-04T10:19:13","modified_gmt":"2026-09-04T13:19:13","slug":"lancamento-das-candidaturas-de-paulo-camara-e-roberta-roma-mobiliza-o-agro-em-itapetinga","status":"publish","type":"post","link":"https:\/\/www.sudoestehoje.com.br\/novoportal\/2026\/09\/04\/lancamento-das-candidaturas-de-paulo-camara-e-roberta-roma-mobiliza-o-agro-em-itapetinga\/","title":{"rendered":"LAN\u00c7AMENTO DAS CANDIDATURAS DE PAULO C\u00c2MARA E ROBERTA ROMA MOBILIZA O AGRO EM ITAPETINGA"},"content":{"rendered":"<p><img loading=\"lazy\" decoding=\"async\" class=\"alignnone size-full wp-image-125404\" src=\"https:\/\/www.sudoestehoje.com.br\/novoportal\/wp-content\/uploads\/2026\/09\/WhatsApp-Image-2026-09-04-at-09.57.09.jpeg\" alt=\"\" width=\"1600\" height=\"901\" \/><\/p>\n<p>Em concorrido evento no Parque de Exposi\u00e7\u00f5es de Itapetinga, foram lan\u00e7adas pelo PL local as candidaturas do deputado estadual Paulo C\u00e2mara e da deputada federal Roberta Roma, representantes do agro e da direita no M\u00e9dio Sudoeste da Bahia.<\/p>\n<p><img loading=\"lazy\" decoding=\"async\" class=\"alignnone size-full wp-image-125405\" src=\"https:\/\/www.sudoestehoje.com.br\/novoportal\/wp-content\/uploads\/2026\/09\/WhatsApp-Image-2026-09-04-at-09.52.58.jpeg\" alt=\"\" width=\"1079\" height=\"948\" \/><\/p>\n<p>Al\u00e9m dos deputados e seus apoiadores na regi\u00e3o, prestigiaram o lan\u00e7amento representantes do setor agropecu\u00e1rio, profissionais liberais, comerciantes, empres\u00e1rios ligados ao setor da ind\u00fastria e pol\u00edticos, a exemplo do ex-prefeito de Itapetinga, Rodrigo Hagge, um dos mais comemorados no encontro.<\/p>\n<p><img loading=\"lazy\" decoding=\"async\" class=\"alignnone size-full wp-image-125409\" src=\"https:\/\/www.sudoestehoje.com.br\/novoportal\/wp-content\/uploads\/2026\/09\/WhatsApp-Image-2026-09-04-at-09.56.06.jpeg\" alt=\"\" width=\"1600\" height=\"901\" \/><\/p>\n<p>Paulo C\u00e2mara destacou no evento a sua atua\u00e7\u00e3o como representante regional na Assembleia Legislativa da Bahia, carreando emendas para v\u00e1rios setores, a exemplo da sa\u00fade e agropecu\u00e1ria, para Itapetinga e outros munic\u00edpios.<\/p>\n<p><img loading=\"lazy\" decoding=\"async\" class=\"alignnone size-full wp-image-125413\" src=\"https:\/\/www.sudoestehoje.com.br\/novoportal\/wp-content\/uploads\/2026\/09\/WhatsApp-Image-2026-09-04-at-09.58.26.jpeg\" alt=\"\" width=\"1600\" height=\"901\" \/><\/p>\n<p>Roberta Roma falou da sua atua\u00e7\u00e3o e do ex-ministro Jo\u00e3o Roma durante as enchentes de 2021 em Itapetinga, quando recursos do governo federal foram liberados em car\u00e1ter emergencial para socorrer as fam\u00edlias atingidas, sem contar com as diversas emendas liberando equipamentos para os setores ligados ao agro, para viabilizar as exposi\u00e7\u00f5es agropecu\u00e1rias, a cargo do Sindicato Rural.<\/p>\n<p><img loading=\"lazy\" decoding=\"async\" class=\"alignnone size-full wp-image-125406\" src=\"https:\/\/www.sudoestehoje.com.br\/novoportal\/wp-content\/uploads\/2026\/09\/WhatsApp-Image-2026-09-04-at-09.53.35.jpeg\" alt=\"\" width=\"1600\" height=\"901\" \/><\/p>\n<p>Festejado no encontro, Rodrigo Hagge ratificou o seu apoio \u00e0 candidata a deputada federal Roberta Roma e agradeceu ao deputado Paulo C\u00e2mara a libera\u00e7\u00e3o de diversas emendas parlamentares durante seus dois mandatos, destacando a sua gratid\u00e3o a Jo\u00e3o Roma pela assist\u00eancia ao munic\u00edpio de Itapetinga, durante as trag\u00e9dias das enchentes e pandemia. Falou da import\u00e2ncia de eleger ACM Neto para mudar a Bahia e de Jo\u00e3o Roma para o senado.<\/p>\n<p><img loading=\"lazy\" decoding=\"async\" class=\"alignnone size-full wp-image-125407\" src=\"https:\/\/www.sudoestehoje.com.br\/novoportal\/wp-content\/uploads\/2026\/09\/WhatsApp-Image-2026-09-04-at-09.55.00.jpeg\" alt=\"\" width=\"1078\" height=\"951\" \/><\/p>\n<p>Rodrigo faz parte da chapa majorit\u00e1ria de ACM Neto, na supl\u00eancia do candidato ao senado, Jo\u00e3o Roma (PL).<\/p>\n<p>Por Davi Ferraz<\/p>\n","protected":false},"excerpt":{"rendered":"<p>Em concorrido evento no Parque de Exposi\u00e7\u00f5es de Itapetinga, foram lan\u00e7adas pelo PL local as candidaturas do deputado estadual Paulo C\u00e2mara e da deputada federal Roberta Roma, representantes do agro e da direita no M\u00e9dio Sudoeste da Bahia. Al\u00e9m dos deputados e seus apoiadores na regi\u00e3o, prestigiaram o lan\u00e7amento representantes do setor agropecu\u00e1rio, profissionais liberais, [&hellip;]<\/p>\n","protected":false},"author":2,"featured_media":125404,"comment_status":"closed","ping_status":"open","sticky":false,"template":"","format":"standard","meta":{"footnotes":"","_links_to":"","_links_to_target":""},"categories":[1],"tags":[],"class_list":["post-125402","post","type-post","status-publish","format-standard","has-post-thumbnail","hentry","category-geral"],"views":77,"_links":{"self":[{"href":"https:\/\/www.sudoestehoje.com.br\/novoportal\/wp-json\/wp\/v2\/posts\/125402","targetHints":{"allow":["GET"]}}],"collection":[{"href":"https:\/\/www.sudoestehoje.com.br\/novoportal\/wp-json\/wp\/v2\/posts"}],"about":[{"href":"https:\/\/www.sudoestehoje.com.br\/novoportal\/wp-json\/wp\/v2\/types\/post"}],"author":[{"embeddable":true,"href":"https:\/\/www.sudoestehoje.com.br\/novoportal\/wp-json\/wp\/v2\/users\/2"}],"replies":[{"embeddable":true,"href":"https:\/\/www.sudoestehoje.com.br\/novoportal\/wp-json\/wp\/v2\/comments?post=125402"}],"version-history":[{"count":3,"href":"https:\/\/www.sudoestehoje.com.br\/novoportal\/wp-json\/wp\/v2\/posts\/125402\/revisions"}],"predecessor-version":[{"id":125418,"href":"https:\/\/www.sudoestehoje.com.br\/novoportal\/wp-json\/wp\/v2\/posts\/125402\/revisions\/125418"}],"wp:featuredmedia":[{"embeddable":true,"href":"https:\/\/www.sudoestehoje.com.br\/novoportal\/wp-json\/wp\/v2\/media\/125404"}],"wp:attachment":[{"href":"https:\/\/www.sudoestehoje.com.br\/novoportal\/wp-json\/wp\/v2\/media?parent=125402"}],"wp:term":[{"taxonomy":"category","embeddable":true,"href":"https:\/\/www.sudoestehoje.com.br\/novoportal\/wp-json\/wp\/v2\/categories?post=125402"},{"taxonomy":"post_tag","embeddable":true,"href":"https:\/\/www.sudoestehoje.com.br\/novoportal\/wp-json\/wp\/v2\/tags?post=125402"}],"curies":[{"name":"wp","href":"https:\/\/api.w.org\/{rel}","templated":true}]}}