
{"id":125395,"date":"2026-09-02T09:48:59","date_gmt":"2026-09-02T12:48:59","guid":{"rendered":"https:\/\/www.sudoestehoje.com.br\/novoportal\/?p=125395"},"modified":"2026-09-02T09:48:59","modified_gmt":"2026-09-02T12:48:59","slug":"acm-neto-preve-estruturacao-do-corredor-ilheus-conquista-para-fortalecer-ligacao-do-sudoeste-com-o-litoral-sul-da-bahia","status":"publish","type":"post","link":"https:\/\/www.sudoestehoje.com.br\/novoportal\/2026\/09\/02\/acm-neto-preve-estruturacao-do-corredor-ilheus-conquista-para-fortalecer-ligacao-do-sudoeste-com-o-litoral-sul-da-bahia\/","title":{"rendered":"ACM NETO PREV\u00ca ESTRUTURA\u00c7\u00c3O DO CORREDOR ILH\u00c9US-CONQUISTA PARA FORTALECER LIGA\u00c7\u00c3O DO SUDOESTE COM O LITORAL SUL DA BAHIA"},"content":{"rendered":"<p><img loading=\"lazy\" decoding=\"async\" class=\"alignnone size-full wp-image-125396\" src=\"https:\/\/www.sudoestehoje.com.br\/novoportal\/wp-content\/uploads\/2026\/09\/ACM-NETO-PREVE-ESTRUTURACAO-DO-CORREDOR-ILHEUS-CONQUISTA-PARA-FORTALECER-LIGACAO-DO-SUDOESTE-COM-O-LITORAL-SUL-DA-BAHIA-768x432-1.jpeg\" alt=\"\" width=\"768\" height=\"432\" \/><\/p>\n<p>Fortalecer a estrutura rodovi\u00e1ria da Bahia para potencializar e economia \u00e9 um dos principais projetos de ACM Neto a partir de 2027. E a reestrutura\u00e7\u00e3o do corredor Ilh\u00e9us-Vit\u00f3ria da Conquista \u00e9 um dos grandes projetos apontados no plano de governo para este objetivo.<\/p>\n<p>Para se ter uma ideia, pelo menos tr\u00eas rodovias estaduais (BA-262, BA-263 e BA-130) fazem parte do trecho, que constantemente s\u00e3o alvo de cr\u00edticas de motoristas e moradores das regi\u00f5es.<\/p>\n<p>A proposta atende diretamente uma das principais demandas dos moradores de Ilh\u00e9us, e a articula\u00e7\u00e3o entre o prefeito Valderico J\u00fanior e ACM Neto devem transformar a proposta em um investimento concreto a partir do pr\u00f3ximo ano.<\/p>\n<p>A proposta de reestrutura\u00e7\u00e3o se soma a outras medidas previstas pelo candidato, que inclui diretamente Ilh\u00e9us e o sul da Bahia, como a conclus\u00e3o da Fiol, a opera\u00e7\u00e3o do Porto Sul e a moderniza\u00e7\u00e3o do Porto de Ilh\u00e9us.<\/p>\n","protected":false},"excerpt":{"rendered":"<p>Fortalecer a estrutura rodovi\u00e1ria da Bahia para potencializar e economia \u00e9 um dos principais projetos de ACM Neto a partir de 2027. E a reestrutura\u00e7\u00e3o do corredor Ilh\u00e9us-Vit\u00f3ria da Conquista \u00e9 um dos grandes projetos apontados no plano de governo para este objetivo. Para se ter uma ideia, pelo menos tr\u00eas rodovias estaduais (BA-262, BA-263 [&hellip;]<\/p>\n","protected":false},"author":2,"featured_media":125396,"comment_status":"closed","ping_status":"open","sticky":false,"template":"","format":"standard","meta":{"footnotes":"","_links_to":"","_links_to_target":""},"categories":[1],"tags":[],"class_list":["post-125395","post","type-post","status-publish","format-standard","has-post-thumbnail","hentry","category-geral"],"views":142,"_links":{"self":[{"href":"https:\/\/www.sudoestehoje.com.br\/novoportal\/wp-json\/wp\/v2\/posts\/125395","targetHints":{"allow":["GET"]}}],"collection":[{"href":"https:\/\/www.sudoestehoje.com.br\/novoportal\/wp-json\/wp\/v2\/posts"}],"about":[{"href":"https:\/\/www.sudoestehoje.com.br\/novoportal\/wp-json\/wp\/v2\/types\/post"}],"author":[{"embeddable":true,"href":"https:\/\/www.sudoestehoje.com.br\/novoportal\/wp-json\/wp\/v2\/users\/2"}],"replies":[{"embeddable":true,"href":"https:\/\/www.sudoestehoje.com.br\/novoportal\/wp-json\/wp\/v2\/comments?post=125395"}],"version-history":[{"count":1,"href":"https:\/\/www.sudoestehoje.com.br\/novoportal\/wp-json\/wp\/v2\/posts\/125395\/revisions"}],"predecessor-version":[{"id":125397,"href":"https:\/\/www.sudoestehoje.com.br\/novoportal\/wp-json\/wp\/v2\/posts\/125395\/revisions\/125397"}],"wp:featuredmedia":[{"embeddable":true,"href":"https:\/\/www.sudoestehoje.com.br\/novoportal\/wp-json\/wp\/v2\/media\/125396"}],"wp:attachment":[{"href":"https:\/\/www.sudoestehoje.com.br\/novoportal\/wp-json\/wp\/v2\/media?parent=125395"}],"wp:term":[{"taxonomy":"category","embeddable":true,"href":"https:\/\/www.sudoestehoje.com.br\/novoportal\/wp-json\/wp\/v2\/categories?post=125395"},{"taxonomy":"post_tag","embeddable":true,"href":"https:\/\/www.sudoestehoje.com.br\/novoportal\/wp-json\/wp\/v2\/tags?post=125395"}],"curies":[{"name":"wp","href":"https:\/\/api.w.org\/{rel}","templated":true}]}}