
{"id":125390,"date":"2026-09-02T09:37:23","date_gmt":"2026-09-02T12:37:23","guid":{"rendered":"https:\/\/www.sudoestehoje.com.br\/novoportal\/?p=125390"},"modified":"2026-09-02T09:37:23","modified_gmt":"2026-09-02T12:37:23","slug":"ja-deu-com-109-pedidos-impechment-do-ministro-moraes-volta-a-ser-cobrado-no-senado","status":"publish","type":"post","link":"https:\/\/www.sudoestehoje.com.br\/novoportal\/2026\/09\/02\/ja-deu-com-109-pedidos-impechment-do-ministro-moraes-volta-a-ser-cobrado-no-senado\/","title":{"rendered":"J\u00c1 DEU | COM 109 PEDIDOS, IMPECHMENT DO MINISTRO MORAES VOLTA A SER COBRADO NO SENADO"},"content":{"rendered":"<p><img loading=\"lazy\" decoding=\"async\" class=\"alignnone size-full wp-image-125391\" src=\"https:\/\/www.sudoestehoje.com.br\/novoportal\/wp-content\/uploads\/2026\/09\/imagem_materia.jpeg\" alt=\"\" width=\"860\" height=\"570\" \/><\/p>\n<p>Em sess\u00e3o plen\u00e1ria nesta ter\u00e7a-feira (1\u00ba), senadores de diferentes partidos defenderam o afastamento do ministro do Supremo Tribunal Federal (STF) Alexandre de Moraes, por meio de impeachment ou ren\u00fancia. As manifesta\u00e7\u00f5es ocorreram\u00a0<strong><a href=\"https:\/\/bahia.ba\/justica\/mendonca-retira-sigilo-de-acao-sobre-mensagens-entre-vorcaro-e-moraes\/\">ap\u00f3s a divulga\u00e7\u00e3o de informa\u00e7\u00f5es contidas em um relat\u00f3rio da Pol\u00edcia Federal enviado \u00e0 Corte, que aborda a rela\u00e7\u00e3o do ex-banqueiro Daniel Vorcaro<\/a><\/strong>\u00a0com o magistrado.<\/p>\n<p>Preso desde mar\u00e7o, Vorcaro era propriet\u00e1rio do Banco Master, institui\u00e7\u00e3o liquidada pelo Banco Central em novembro do ano passado em decorr\u00eancia de um esc\u00e2ndalo de fraude banc\u00e1ria.<\/p>\n<p>Os parlamentares que se pronunciaram foram Alessandro Vieira (MDB-SE),\u00a0<strong><a href=\"https:\/\/bahia.ba\/politica\/senador-apresenta-novo-pedido-de-impeachment-contra-moraes\/\">Carlos Viana (PSD-MG)<\/a><\/strong>, Cleitinho (Republicanos-MG), Damares Alves (Republicanos-DF), Esperidi\u00e3o Amin (PP-SC), Fl\u00e1vio Bolsonaro (PL-RJ), Izalci Lucas (PL-DF), Luis Carlos Heinze (PP-RS) e Magno Malta (PL-ES).<\/p>\n<p><strong>Veja tamb\u00e9m:\u00a0<a href=\"https:\/\/bahia.ba\/politica\/alcolumbre-fala-em-109-pedidos-contra-o-stf-isso-nao-e-normal\/\">Alcolumbre fala em 109 pedidos contra o STF: \u2018Isso n\u00e3o \u00e9 normal\u2019<\/a><\/strong><\/p>\n<p>Carlos Viana defendeu a medida como necess\u00e1ria \u00e0 preserva\u00e7\u00e3o do Judici\u00e1rio. \u201c\u00c9 urgente o afastamento de Alexandre de Moraes pelo pr\u00f3prio Supremo Tribunal Federal, para o bem do Judici\u00e1rio brasileiro. N\u00e3o estamos falando aqui em atacar o Judici\u00e1rio. Nada disso. Estamos falando em defender as institui\u00e7\u00f5es\u201d, afirmou o senador, que informou ter sido protocolado um novo pedido de impeachment contra o ministro.<\/p>\n<p>Alessandro Vieira classificou a situa\u00e7\u00e3o como um esc\u00e2ndalo prolongado e criticou a conduta do magistrado. \u201cO ministro Alexandre de Moraes \u00e9 um cad\u00e1ver jur\u00eddico, um cad\u00e1ver pol\u00edtico. Ele se inviabilizou pela sua conduta. Um ministro do Supremo n\u00e3o pode se prestar \u00e0 condi\u00e7\u00e3o de assessor de banqueiro, mesmo que seja um banqueiro honesto. Mas o ministro Alexandre tinha plena consci\u00eancia de que assessorava um banqueiro desonesto\u201d, avaliou.<\/p>\n<p>Izalci Lucas manifestou o desejo de que a vota\u00e7\u00e3o do impeachment ocorra ainda durante seu mandato como senador. Cleitinho solicitou que Moraes compare\u00e7a ao Senado para prestar esclarecimentos.<\/p>\n<p>Fl\u00e1vio Bolsonaro, por sua vez, afirmou que o ministro cometeu crime de responsabilidade ao ser flagrado \u201ctrabalhando para um banqueiro\u201d. \u201c\u00c9 inadmiss\u00edvel que tenhamos pessoas da c\u00fapula do poder deste pa\u00eds sendo suspeitas do cometimento de v\u00e1rios crimes\u201d, declarou.<\/p>\n","protected":false},"excerpt":{"rendered":"<p>Em sess\u00e3o plen\u00e1ria nesta ter\u00e7a-feira (1\u00ba), senadores de diferentes partidos defenderam o afastamento do ministro do Supremo Tribunal Federal (STF) Alexandre de Moraes, por meio de impeachment ou ren\u00fancia. As manifesta\u00e7\u00f5es ocorreram\u00a0ap\u00f3s a divulga\u00e7\u00e3o de informa\u00e7\u00f5es contidas em um relat\u00f3rio da Pol\u00edcia Federal enviado \u00e0 Corte, que aborda a rela\u00e7\u00e3o do ex-banqueiro Daniel Vorcaro\u00a0com o [&hellip;]<\/p>\n","protected":false},"author":2,"featured_media":125391,"comment_status":"closed","ping_status":"open","sticky":false,"template":"","format":"standard","meta":{"footnotes":"","_links_to":"","_links_to_target":""},"categories":[1],"tags":[],"class_list":["post-125390","post","type-post","status-publish","format-standard","has-post-thumbnail","hentry","category-geral"],"views":121,"_links":{"self":[{"href":"https:\/\/www.sudoestehoje.com.br\/novoportal\/wp-json\/wp\/v2\/posts\/125390","targetHints":{"allow":["GET"]}}],"collection":[{"href":"https:\/\/www.sudoestehoje.com.br\/novoportal\/wp-json\/wp\/v2\/posts"}],"about":[{"href":"https:\/\/www.sudoestehoje.com.br\/novoportal\/wp-json\/wp\/v2\/types\/post"}],"author":[{"embeddable":true,"href":"https:\/\/www.sudoestehoje.com.br\/novoportal\/wp-json\/wp\/v2\/users\/2"}],"replies":[{"embeddable":true,"href":"https:\/\/www.sudoestehoje.com.br\/novoportal\/wp-json\/wp\/v2\/comments?post=125390"}],"version-history":[{"count":3,"href":"https:\/\/www.sudoestehoje.com.br\/novoportal\/wp-json\/wp\/v2\/posts\/125390\/revisions"}],"predecessor-version":[{"id":125394,"href":"https:\/\/www.sudoestehoje.com.br\/novoportal\/wp-json\/wp\/v2\/posts\/125390\/revisions\/125394"}],"wp:featuredmedia":[{"embeddable":true,"href":"https:\/\/www.sudoestehoje.com.br\/novoportal\/wp-json\/wp\/v2\/media\/125391"}],"wp:attachment":[{"href":"https:\/\/www.sudoestehoje.com.br\/novoportal\/wp-json\/wp\/v2\/media?parent=125390"}],"wp:term":[{"taxonomy":"category","embeddable":true,"href":"https:\/\/www.sudoestehoje.com.br\/novoportal\/wp-json\/wp\/v2\/categories?post=125390"},{"taxonomy":"post_tag","embeddable":true,"href":"https:\/\/www.sudoestehoje.com.br\/novoportal\/wp-json\/wp\/v2\/tags?post=125390"}],"curies":[{"name":"wp","href":"https:\/\/api.w.org\/{rel}","templated":true}]}}