
{"id":125361,"date":"2026-08-31T09:22:48","date_gmt":"2026-08-31T12:22:48","guid":{"rendered":"https:\/\/www.sudoestehoje.com.br\/novoportal\/?p=125361"},"modified":"2026-08-31T09:22:48","modified_gmt":"2026-08-31T12:22:48","slug":"so-tragedia-quatro-criancas-morrem-afogadas-em-reservatorio-na-regiao-sudoeste","status":"publish","type":"post","link":"https:\/\/www.sudoestehoje.com.br\/novoportal\/2026\/08\/31\/so-tragedia-quatro-criancas-morrem-afogadas-em-reservatorio-na-regiao-sudoeste\/","title":{"rendered":"S\u00d3 TRAG\u00c9DIA | QUATRO CRIAN\u00c7AS MORREM AFOGADAS EM RESERVAT\u00d3RIO NA REGI\u00c3O SUDOESTE"},"content":{"rendered":"<p><img loading=\"lazy\" decoding=\"async\" class=\"alignnone size-full wp-image-125362\" src=\"https:\/\/www.sudoestehoje.com.br\/novoportal\/wp-content\/uploads\/2026\/08\/WhatsApp-Image-2026-08-31-at-08.35.03.jpeg\" alt=\"\" width=\"704\" height=\"426\" \/><\/p>\n<p>Quatro crian\u00e7as da mesma fam\u00edlia morreram afogadas na tarde deste domingo (30), em um reservat\u00f3rio localizado em uma propriedade particular na zona rural de Paramirim, no sudoeste da Bahia. A trag\u00e9dia ocorreu na localidade de Salina Branca. As v\u00edtimas foram identificadas como os irm\u00e3os Jefferson Davi Silva Oliveira, de 9 anos, Diego Silva Oliveira, de 6, e Jos\u00e9 Diogo Silva Oliveira, de 3 anos, al\u00e9m do primo deles, Lorenzo Almeida Cardoso, de 8 anos.<\/p>\n<p>De acordo com informa\u00e7\u00f5es da 46\u00aa Companhia Independente de Pol\u00edcia Militar (CIPM), divulgadas pelo site Achei Sudoeste, a ocorr\u00eancia foi registrada por volta das 15h41. Conforme relatos de moradores, dois adultos e cinco crian\u00e7as estavam em uma embarca\u00e7\u00e3o improvisada quando ocorreu o acidente. Os adultos tentaram socorrer as crian\u00e7as e conseguiram retirar uma delas com vida, enquanto as outras quatro ficaram submersas. O reservat\u00f3rio \u00e9 revestido com lona e, apesar de estar situado em uma propriedade particular, seria utilizado por moradores da comunidade.<\/p>\n<p>Equipes do Servi\u00e7o de Atendimento M\u00f3vel de Urg\u00eancia (Samu) e da Pol\u00edcia Militar foram acionadas. A \u00e1rea foi isolada enquanto se aguardava a chegada de uma equipe do Corpo de Bombeiros especializada em mergulho para realizar as buscas e a retirada dos corpos.<\/p>\n<p>O Departamento de Pol\u00edcia T\u00e9cnica (DPT) tamb\u00e9m foi mobilizado para os procedimentos periciais. Os corpos foram encaminhados ao Instituto M\u00e9dico Legal (IML) de Brumado. A morte das quatro crian\u00e7as provocou grande como\u00e7\u00e3o entre moradores de Salina Branca e da regi\u00e3o.<br \/>\n<a href=\"https:\/\/www.instagram.com\/p\/Dcs_592REbf\/?igsi=cWlqYjQwcXJhMGo1\">https:\/\/www.instagram.com\/p\/Dcs_592REbf\/?igsi=cWlqYjQwcXJhMGo1<\/a><\/p>\n","protected":false},"excerpt":{"rendered":"<p>Quatro crian\u00e7as da mesma fam\u00edlia morreram afogadas na tarde deste domingo (30), em um reservat\u00f3rio localizado em uma propriedade particular na zona rural de Paramirim, no sudoeste da Bahia. A trag\u00e9dia ocorreu na localidade de Salina Branca. As v\u00edtimas foram identificadas como os irm\u00e3os Jefferson Davi Silva Oliveira, de 9 anos, Diego Silva Oliveira, de [&hellip;]<\/p>\n","protected":false},"author":2,"featured_media":125362,"comment_status":"closed","ping_status":"open","sticky":false,"template":"","format":"standard","meta":{"footnotes":"","_links_to":"","_links_to_target":""},"categories":[1],"tags":[],"class_list":["post-125361","post","type-post","status-publish","format-standard","has-post-thumbnail","hentry","category-geral"],"views":31,"_links":{"self":[{"href":"https:\/\/www.sudoestehoje.com.br\/novoportal\/wp-json\/wp\/v2\/posts\/125361","targetHints":{"allow":["GET"]}}],"collection":[{"href":"https:\/\/www.sudoestehoje.com.br\/novoportal\/wp-json\/wp\/v2\/posts"}],"about":[{"href":"https:\/\/www.sudoestehoje.com.br\/novoportal\/wp-json\/wp\/v2\/types\/post"}],"author":[{"embeddable":true,"href":"https:\/\/www.sudoestehoje.com.br\/novoportal\/wp-json\/wp\/v2\/users\/2"}],"replies":[{"embeddable":true,"href":"https:\/\/www.sudoestehoje.com.br\/novoportal\/wp-json\/wp\/v2\/comments?post=125361"}],"version-history":[{"count":1,"href":"https:\/\/www.sudoestehoje.com.br\/novoportal\/wp-json\/wp\/v2\/posts\/125361\/revisions"}],"predecessor-version":[{"id":125363,"href":"https:\/\/www.sudoestehoje.com.br\/novoportal\/wp-json\/wp\/v2\/posts\/125361\/revisions\/125363"}],"wp:featuredmedia":[{"embeddable":true,"href":"https:\/\/www.sudoestehoje.com.br\/novoportal\/wp-json\/wp\/v2\/media\/125362"}],"wp:attachment":[{"href":"https:\/\/www.sudoestehoje.com.br\/novoportal\/wp-json\/wp\/v2\/media?parent=125361"}],"wp:term":[{"taxonomy":"category","embeddable":true,"href":"https:\/\/www.sudoestehoje.com.br\/novoportal\/wp-json\/wp\/v2\/categories?post=125361"},{"taxonomy":"post_tag","embeddable":true,"href":"https:\/\/www.sudoestehoje.com.br\/novoportal\/wp-json\/wp\/v2\/tags?post=125361"}],"curies":[{"name":"wp","href":"https:\/\/api.w.org\/{rel}","templated":true}]}}