
{"id":12513,"date":"2012-01-30T00:02:58","date_gmt":"2012-01-30T03:02:58","guid":{"rendered":"http:\/\/www.sudoestehoje.com.br\/novoportal\/?p=12513"},"modified":"2012-01-29T23:27:52","modified_gmt":"2012-01-30T02:27:52","slug":"dilma-vai-demitir-tropa-de-gabrielli-da-petrobras","status":"publish","type":"post","link":"https:\/\/www.sudoestehoje.com.br\/novoportal\/2012\/01\/30\/dilma-vai-demitir-tropa-de-gabrielli-da-petrobras\/","title":{"rendered":"DILMA VAI DEMITIR &#8216;TROPA&#8217; DE GABRIELLI DA PETROBRAS"},"content":{"rendered":"<p><img decoding=\"async\" class=\"aligncenter\" src=\"http:\/\/2.bp.blogspot.com\/-OfQT_KCYs1k\/TgtVXnqRwnI\/AAAAAAAAAN8\/EZU1f7vVrpQ\/s1600\/DSC04127.JPG\" alt=\"\" width=\"400\" \/><\/p>\n<p style=\"text-align: center;\"><strong><em>Dilma quer acabar com o &#8216;forr\u00f3bod\u00f3&#8217; da Petrobr\u00e1s<\/em><\/strong><\/p>\n<p>&nbsp;<\/p>\n<p>A\u00a0edi\u00e7\u00e3o de Veja desta semana traz uma extensa reportagem (perfil) sobre a nova presidente da Petrobras, Gra\u00e7a Foster, e os bastidores da queda do baiano Jos\u00e9 S\u00e9rgio Gabrielli. Segundo a reportagem, Dilma, atendendo um pedido de Lula, concordou em deixar Gabrielli no cargo por mais um ano, mas o petista baiano queria ficar at\u00e9 2013.<\/p>\n<p>A visita em hor\u00e1rio de expediente a um \u201caparelho\u201d montado por Jos\u00e9 Dirceu em um hotel em Bras\u00edlia, frequentado tamb\u00e9m pelo senador Walter Pinheiro, teria, segundo a revista, precipitado\u00a0a queda de Gabrielli. O assunto teria incomodado tanto Dilma que quando ela queria comparar Gabrielli a Foster, fulminava: \u201cEla n\u00e3o participa de reuni\u00f5es em hot\u00e9is\u201d.<\/p>\n<p>Segundo a Veja, Gabrielli vai usar um tropa de sindicalistas que instalou na Petrobras para ajud\u00e1-lo a tornar-se governador da Bahia em 2014 \u2013 o time inclui 22 companheiros baianos aos quais deu cargo de confian\u00e7a. O problema \u00e9 que Gra\u00e7a Foster j\u00e1 deu sinais quer quer\u00a0reduzir a tropa de Gabrielli, demitindo dos postos os sindicalistas e alguns diretores colocados l\u00e1 pelo ex-presidente.<\/p>\n","protected":false},"excerpt":{"rendered":"<p>Dilma quer acabar com o &#8216;forr\u00f3bod\u00f3&#8217; da Petrobr\u00e1s &nbsp; A\u00a0edi\u00e7\u00e3o de Veja desta semana traz uma extensa reportagem (perfil) sobre a nova presidente da Petrobras, Gra\u00e7a Foster, e os bastidores da queda do baiano Jos\u00e9 S\u00e9rgio Gabrielli. Segundo a reportagem, Dilma, atendendo um pedido de Lula, concordou em deixar Gabrielli no cargo por mais um [&hellip;]<\/p>\n","protected":false},"author":2,"featured_media":0,"comment_status":"open","ping_status":"open","sticky":false,"template":"","format":"standard","meta":{"footnotes":"","_links_to":"","_links_to_target":""},"categories":[1],"tags":[],"class_list":["post-12513","post","type-post","status-publish","format-standard","hentry","category-geral"],"views":1556,"_links":{"self":[{"href":"https:\/\/www.sudoestehoje.com.br\/novoportal\/wp-json\/wp\/v2\/posts\/12513","targetHints":{"allow":["GET"]}}],"collection":[{"href":"https:\/\/www.sudoestehoje.com.br\/novoportal\/wp-json\/wp\/v2\/posts"}],"about":[{"href":"https:\/\/www.sudoestehoje.com.br\/novoportal\/wp-json\/wp\/v2\/types\/post"}],"author":[{"embeddable":true,"href":"https:\/\/www.sudoestehoje.com.br\/novoportal\/wp-json\/wp\/v2\/users\/2"}],"replies":[{"embeddable":true,"href":"https:\/\/www.sudoestehoje.com.br\/novoportal\/wp-json\/wp\/v2\/comments?post=12513"}],"version-history":[{"count":7,"href":"https:\/\/www.sudoestehoje.com.br\/novoportal\/wp-json\/wp\/v2\/posts\/12513\/revisions"}],"predecessor-version":[{"id":12521,"href":"https:\/\/www.sudoestehoje.com.br\/novoportal\/wp-json\/wp\/v2\/posts\/12513\/revisions\/12521"}],"wp:attachment":[{"href":"https:\/\/www.sudoestehoje.com.br\/novoportal\/wp-json\/wp\/v2\/media?parent=12513"}],"wp:term":[{"taxonomy":"category","embeddable":true,"href":"https:\/\/www.sudoestehoje.com.br\/novoportal\/wp-json\/wp\/v2\/categories?post=12513"},{"taxonomy":"post_tag","embeddable":true,"href":"https:\/\/www.sudoestehoje.com.br\/novoportal\/wp-json\/wp\/v2\/tags?post=12513"}],"curies":[{"name":"wp","href":"https:\/\/api.w.org\/{rel}","templated":true}]}}