
{"id":12501,"date":"2012-01-30T00:03:30","date_gmt":"2012-01-30T03:03:30","guid":{"rendered":"http:\/\/www.sudoestehoje.com.br\/novoportal\/?p=12501"},"modified":"2012-01-29T23:29:10","modified_gmt":"2012-01-30T02:29:10","slug":"itapetinga-qual-e-a-bronca-de-wagner-com-o-prefeito-ze-carlos","status":"publish","type":"post","link":"https:\/\/www.sudoestehoje.com.br\/novoportal\/2012\/01\/30\/itapetinga-qual-e-a-bronca-de-wagner-com-o-prefeito-ze-carlos\/","title":{"rendered":"ITAPETINGA: QUAL \u00c9 A &#8216;BRONCA&#8217; DE WAGNER COM O PREFEITO Z\u00c9 CARLOS?"},"content":{"rendered":"<p><img decoding=\"async\" class=\"aligncenter\" src=\"http:\/\/cdn.dipity.com\/uploads\/events\/d0ed33cf8b131260fd081865e95cc69f_1M.png\" alt=\"\" width=\"400\" \/><\/p>\n<p style=\"text-align: center;\"><strong>Wagner fez carreata em 2010, mas n\u00e3o quis subir no palanque de Z\u00e9 Carlos, numa pra\u00e7a vazia. Acabou perdendo para Paulo Souto em Itapetinga<\/strong><\/p>\n<p>&nbsp;<\/p>\n<p>ITAPETINGA: Toda vez que o prefeito Z\u00e9 Carlos (PT) marca alguma inaugura\u00e7\u00e3o, o nome do governador Jaques Wagner \u00e9 lembrado e at\u00e9 anunciado por sua assessoria, como presen\u00e7a &#8216;garantida&#8217; nos eventos. S\u00f3 que o governador, sistematicamente, n\u00e3o comparece a nenhum desses eventos, mandando apenas algum representante. Curiosamente, o mesmo n\u00e3o acontece em outros munic\u00edpios de menor express\u00e3o, onde o governador faz quest\u00e3o de comparecer a todas as inaugura\u00e7\u00f5es das obras do seu governo e do governo federal.<\/p>\n<p>Entretanto, desde que Z\u00e9 Carlos assumiu a prefeitura, Wagner s\u00f3 veio a Itapetinga em per\u00edodo eleitoral, quando fazia a sua pr\u00f3pria campanha. Passou numa carreata, vindo de outro munic\u00edpio, mas se negou em subir no palanque do prefeito, alegando problemas de agenda. Em outra ocasi\u00e3o, deu um bordejo no parque de exposi\u00e7\u00f5es e foi embora sem falar com ningu\u00e9m. Estranhamente, deixou de comparecer \u00e0s inaugura\u00e7\u00f5es do &#8216;Minha Casa, Minha Vida&#8217;, do Samu 192 e n\u00e3o deve vir para inaugurar o sistema de abastecimento de \u00e1gua \u00a0do distrito de Palmares, constru\u00eddo pela CERB.<\/p>\n<p>Z\u00e9 Carlos, coitado, j\u00e1 vive ressabiado com tanto desprezo e at\u00e9 deixou de procurar o governador para reivindicar alguma coisa para o munic\u00edpio. Por outro lado, os dignos deputados petistas tamb\u00e9m deixaram de fazer o &#8216;meio de campo&#8217; entre o pobre prefeito e o governador, como se soubessem da &#8216;simpatia&#8217; de Wagner em rela\u00e7\u00e3o a Z\u00e9 Carlos e sua p\u00edfia administra\u00e7\u00e3o.<\/p>\n<p>Com as elei\u00e7\u00f5es municipais se aproximando, h\u00e1 quem tor\u00e7a para que Wagner suba no palanque de Z\u00e9 Carlos e queime de vez o filme do prefeito, como fez com Michel em 2008.<\/p>\n<p>Seja bem-vindo, governador!<\/p>\n<p><strong><em>Por DAVI FERRAZ<\/em><\/strong><\/p>\n<p>&nbsp;<\/p>\n","protected":false},"excerpt":{"rendered":"<p>Wagner fez carreata em 2010, mas n\u00e3o quis subir no palanque de Z\u00e9 Carlos, numa pra\u00e7a vazia. Acabou perdendo para Paulo Souto em Itapetinga &nbsp; ITAPETINGA: Toda vez que o prefeito Z\u00e9 Carlos (PT) marca alguma inaugura\u00e7\u00e3o, o nome do governador Jaques Wagner \u00e9 lembrado e at\u00e9 anunciado por sua assessoria, como presen\u00e7a &#8216;garantida&#8217; nos [&hellip;]<\/p>\n","protected":false},"author":2,"featured_media":0,"comment_status":"open","ping_status":"open","sticky":false,"template":"","format":"standard","meta":{"footnotes":"","_links_to":"","_links_to_target":""},"categories":[1],"tags":[],"class_list":["post-12501","post","type-post","status-publish","format-standard","hentry","category-geral"],"views":1399,"_links":{"self":[{"href":"https:\/\/www.sudoestehoje.com.br\/novoportal\/wp-json\/wp\/v2\/posts\/12501","targetHints":{"allow":["GET"]}}],"collection":[{"href":"https:\/\/www.sudoestehoje.com.br\/novoportal\/wp-json\/wp\/v2\/posts"}],"about":[{"href":"https:\/\/www.sudoestehoje.com.br\/novoportal\/wp-json\/wp\/v2\/types\/post"}],"author":[{"embeddable":true,"href":"https:\/\/www.sudoestehoje.com.br\/novoportal\/wp-json\/wp\/v2\/users\/2"}],"replies":[{"embeddable":true,"href":"https:\/\/www.sudoestehoje.com.br\/novoportal\/wp-json\/wp\/v2\/comments?post=12501"}],"version-history":[{"count":10,"href":"https:\/\/www.sudoestehoje.com.br\/novoportal\/wp-json\/wp\/v2\/posts\/12501\/revisions"}],"predecessor-version":[{"id":12522,"href":"https:\/\/www.sudoestehoje.com.br\/novoportal\/wp-json\/wp\/v2\/posts\/12501\/revisions\/12522"}],"wp:attachment":[{"href":"https:\/\/www.sudoestehoje.com.br\/novoportal\/wp-json\/wp\/v2\/media?parent=12501"}],"wp:term":[{"taxonomy":"category","embeddable":true,"href":"https:\/\/www.sudoestehoje.com.br\/novoportal\/wp-json\/wp\/v2\/categories?post=12501"},{"taxonomy":"post_tag","embeddable":true,"href":"https:\/\/www.sudoestehoje.com.br\/novoportal\/wp-json\/wp\/v2\/tags?post=12501"}],"curies":[{"name":"wp","href":"https:\/\/api.w.org\/{rel}","templated":true}]}}