
{"id":12486,"date":"2012-01-29T11:18:47","date_gmt":"2012-01-29T14:18:47","guid":{"rendered":"http:\/\/www.sudoestehoje.com.br\/novoportal\/?p=12486"},"modified":"2012-01-29T11:18:47","modified_gmt":"2012-01-29T14:18:47","slug":"cpi-do-milhao-e-instalada-em-potiragua","status":"publish","type":"post","link":"https:\/\/www.sudoestehoje.com.br\/novoportal\/2012\/01\/29\/cpi-do-milhao-e-instalada-em-potiragua\/","title":{"rendered":"CPI DO MILH\u00c3O \u00c9 INSTALADA EM POTIRAGU\u00c1"},"content":{"rendered":"<p><img decoding=\"async\" class=\"aligncenter\" src=\"http:\/\/www.alertacidade.com.br\/arquivos\/noticias\/_miniaturas\/IMG00067-20120124-1025.jpg\" alt=\"\" width=\"400\" \/><\/p>\n<p style=\"text-align: center;\"><em><strong>CPI quer saber onde o prefeito Olyntho gastou verba de 1,6 milh\u00e3o<\/strong><\/em><\/p>\n<p>&nbsp;<\/p>\n<p>POTIRAGU\u00c1: Nesta ter\u00e7a-feira (24), na C\u00e2mara de Vereadores de Potiragu\u00e1, \u00e0s 10 horas da manh\u00e3, foi aprovada por maioria dos votos e, conseq\u00fcentemente instalada a comiss\u00e3o da CPI que investigar\u00e1 o procedimento do prefeito Olyntho Alves Moreira, em refer\u00eancia ao repasse de R$ 1.600.000,00 (um milh\u00e3o e seiscentos mil reais), procedente de um conv\u00eanio da Secretaria da Defesa Civil, firmado com a prefeitura municipal de Potiragu\u00e1 em 2010.<\/p>\n<p>A libera\u00e7\u00e3o do valor para o munic\u00edpio foi em 20 de agosto de 2010, destinado a obras de pontes, estradas vicinais, ruas e casas, que segundo o prefeito, foram enquadradas no par\u00e2metro estabelecido pelas normas da Confedera\u00e7\u00e3o Nacional de Munic\u00edpios, diante do conceito da Situa\u00e7\u00e3o de Emerg\u00eancia ou de Calamidade P\u00fablica, segundo o Decreto n\u00ba 5.376\/05, que regulamenta a Defesa Civil.<\/p>\n<p>A comiss\u00e3o que investigar\u00e1 qual foi o destino dessa verba, quais foram as ruas, estradas vicinais, pontes e casas atendidas pelo recurso, foi formada pelos vereadores: Manoel Lisboa, Wellington Camilo Silva e Carlos Jos\u00e9 Ferraz, sendo presidente, Carlos Jos\u00e9 Ferraz e Wellington Camilo, relator.<\/p>\n<p><strong>Fonte: <em>Potiragu\u00e1 em Foco<\/em><\/strong><\/p>\n","protected":false},"excerpt":{"rendered":"<p>CPI quer saber onde o prefeito Olyntho gastou verba de 1,6 milh\u00e3o &nbsp; POTIRAGU\u00c1: Nesta ter\u00e7a-feira (24), na C\u00e2mara de Vereadores de Potiragu\u00e1, \u00e0s 10 horas da manh\u00e3, foi aprovada por maioria dos votos e, conseq\u00fcentemente instalada a comiss\u00e3o da CPI que investigar\u00e1 o procedimento do prefeito Olyntho Alves Moreira, em refer\u00eancia ao repasse de [&hellip;]<\/p>\n","protected":false},"author":2,"featured_media":0,"comment_status":"open","ping_status":"open","sticky":false,"template":"","format":"standard","meta":{"footnotes":"","_links_to":"","_links_to_target":""},"categories":[1],"tags":[],"class_list":["post-12486","post","type-post","status-publish","format-standard","hentry","category-geral"],"views":1210,"_links":{"self":[{"href":"https:\/\/www.sudoestehoje.com.br\/novoportal\/wp-json\/wp\/v2\/posts\/12486","targetHints":{"allow":["GET"]}}],"collection":[{"href":"https:\/\/www.sudoestehoje.com.br\/novoportal\/wp-json\/wp\/v2\/posts"}],"about":[{"href":"https:\/\/www.sudoestehoje.com.br\/novoportal\/wp-json\/wp\/v2\/types\/post"}],"author":[{"embeddable":true,"href":"https:\/\/www.sudoestehoje.com.br\/novoportal\/wp-json\/wp\/v2\/users\/2"}],"replies":[{"embeddable":true,"href":"https:\/\/www.sudoestehoje.com.br\/novoportal\/wp-json\/wp\/v2\/comments?post=12486"}],"version-history":[{"count":4,"href":"https:\/\/www.sudoestehoje.com.br\/novoportal\/wp-json\/wp\/v2\/posts\/12486\/revisions"}],"predecessor-version":[{"id":12490,"href":"https:\/\/www.sudoestehoje.com.br\/novoportal\/wp-json\/wp\/v2\/posts\/12486\/revisions\/12490"}],"wp:attachment":[{"href":"https:\/\/www.sudoestehoje.com.br\/novoportal\/wp-json\/wp\/v2\/media?parent=12486"}],"wp:term":[{"taxonomy":"category","embeddable":true,"href":"https:\/\/www.sudoestehoje.com.br\/novoportal\/wp-json\/wp\/v2\/categories?post=12486"},{"taxonomy":"post_tag","embeddable":true,"href":"https:\/\/www.sudoestehoje.com.br\/novoportal\/wp-json\/wp\/v2\/tags?post=12486"}],"curies":[{"name":"wp","href":"https:\/\/api.w.org\/{rel}","templated":true}]}}