
{"id":124849,"date":"2026-05-01T10:44:56","date_gmt":"2026-05-01T13:44:56","guid":{"rendered":"https:\/\/www.sudoestehoje.com.br\/novoportal\/?p=124849"},"modified":"2026-05-01T10:44:56","modified_gmt":"2026-05-01T13:44:56","slug":"senador-magno-malta-passa-mal-no-senado-e-e-levado-a-hospital-assessoria-descarta-infarto","status":"publish","type":"post","link":"https:\/\/www.sudoestehoje.com.br\/novoportal\/2026\/05\/01\/senador-magno-malta-passa-mal-no-senado-e-e-levado-a-hospital-assessoria-descarta-infarto\/","title":{"rendered":"SENADOR MAGNO MALTA PASSA MAL NO SENADO E \u00c9 LEVADO A HOSPITAL; ASSESSORIA DESCARTA INFARTO"},"content":{"rendered":"<div id=\"firstHalf\">\n<p><img loading=\"lazy\" decoding=\"async\" class=\"alignnone size-full wp-image-124850\" src=\"https:\/\/www.sudoestehoje.com.br\/novoportal\/wp-content\/uploads\/2026\/05\/magno-malta-mal-subito.jpg\" alt=\"\" width=\"1200\" height=\"700\" \/><\/p>\n<p>O senador Magno Malta (PL-ES) sofreu um mal s\u00fabito nesta quinta-feira (30) e foi atendido inicialmente no posto m\u00e9dico do Senado.<\/p>\n<p>Durante sess\u00e3o no Congresso Nacional, o presidente da Casa, Davi Alcolumbre, informou que o parlamentar foi encaminhado a um hospital. Segundo ele, a assessoria de Malta descartou a ocorr\u00eancia de infarto.<\/p>\n<p>\u201cAlguns colegas congressistas est\u00e3o preocupados com a situa\u00e7\u00e3o do senador Magno Malta, que teve um mal s\u00fabito e est\u00e1 no hospital. Est\u00e3o comentando nas redes sociais que foi um infarto, mas a assessoria esclareceu que n\u00e3o foi e que ele est\u00e1 sendo atendido\u201d, afirmou Alcolumbre.<\/p>\n<\/div>\n<div id=\"secondHalf\">\n<p>At\u00e9 o momento, n\u00e3o foram divulgados outros detalhes sobre o estado de sa\u00fade do senador.<\/p>\n<\/div>\n","protected":false},"excerpt":{"rendered":"<p>O senador Magno Malta (PL-ES) sofreu um mal s\u00fabito nesta quinta-feira (30) e foi atendido inicialmente no posto m\u00e9dico do Senado. Durante sess\u00e3o no Congresso Nacional, o presidente da Casa, Davi Alcolumbre, informou que o parlamentar foi encaminhado a um hospital. Segundo ele, a assessoria de Malta descartou a ocorr\u00eancia de infarto. \u201cAlguns colegas congressistas [&hellip;]<\/p>\n","protected":false},"author":2,"featured_media":124850,"comment_status":"closed","ping_status":"open","sticky":false,"template":"","format":"standard","meta":{"footnotes":"","_links_to":"","_links_to_target":""},"categories":[1],"tags":[],"class_list":["post-124849","post","type-post","status-publish","format-standard","has-post-thumbnail","hentry","category-geral"],"views":35,"_links":{"self":[{"href":"https:\/\/www.sudoestehoje.com.br\/novoportal\/wp-json\/wp\/v2\/posts\/124849","targetHints":{"allow":["GET"]}}],"collection":[{"href":"https:\/\/www.sudoestehoje.com.br\/novoportal\/wp-json\/wp\/v2\/posts"}],"about":[{"href":"https:\/\/www.sudoestehoje.com.br\/novoportal\/wp-json\/wp\/v2\/types\/post"}],"author":[{"embeddable":true,"href":"https:\/\/www.sudoestehoje.com.br\/novoportal\/wp-json\/wp\/v2\/users\/2"}],"replies":[{"embeddable":true,"href":"https:\/\/www.sudoestehoje.com.br\/novoportal\/wp-json\/wp\/v2\/comments?post=124849"}],"version-history":[{"count":3,"href":"https:\/\/www.sudoestehoje.com.br\/novoportal\/wp-json\/wp\/v2\/posts\/124849\/revisions"}],"predecessor-version":[{"id":124853,"href":"https:\/\/www.sudoestehoje.com.br\/novoportal\/wp-json\/wp\/v2\/posts\/124849\/revisions\/124853"}],"wp:featuredmedia":[{"embeddable":true,"href":"https:\/\/www.sudoestehoje.com.br\/novoportal\/wp-json\/wp\/v2\/media\/124850"}],"wp:attachment":[{"href":"https:\/\/www.sudoestehoje.com.br\/novoportal\/wp-json\/wp\/v2\/media?parent=124849"}],"wp:term":[{"taxonomy":"category","embeddable":true,"href":"https:\/\/www.sudoestehoje.com.br\/novoportal\/wp-json\/wp\/v2\/categories?post=124849"},{"taxonomy":"post_tag","embeddable":true,"href":"https:\/\/www.sudoestehoje.com.br\/novoportal\/wp-json\/wp\/v2\/tags?post=124849"}],"curies":[{"name":"wp","href":"https:\/\/api.w.org\/{rel}","templated":true}]}}