
{"id":124845,"date":"2026-05-01T10:35:13","date_gmt":"2026-05-01T13:35:13","guid":{"rendered":"https:\/\/www.sudoestehoje.com.br\/novoportal\/?p=124845"},"modified":"2026-05-01T10:35:13","modified_gmt":"2026-05-01T13:35:13","slug":"dosimetria-congresso-derruba-veto-de-lula-e-avanca-projeto-que-pode-reduzir-penas-de-condenados-pelo-8-de-janeiro","status":"publish","type":"post","link":"https:\/\/www.sudoestehoje.com.br\/novoportal\/2026\/05\/01\/dosimetria-congresso-derruba-veto-de-lula-e-avanca-projeto-que-pode-reduzir-penas-de-condenados-pelo-8-de-janeiro\/","title":{"rendered":"DOSIMETRIA | CONGRESSO DERRUBA VETO DE LULA E AVAN\u00c7A PROJETO QUE PODE REDUZIR PENAS DE CONDENADOS PELO 8 DE JANEIRO"},"content":{"rendered":"<p><img loading=\"lazy\" decoding=\"async\" class=\"alignnone size-full wp-image-124846\" src=\"https:\/\/www.sudoestehoje.com.br\/novoportal\/wp-content\/uploads\/2026\/05\/WhatsApp-Image-2026-05-01-at-10.31.34.jpeg\" alt=\"\" width=\"1080\" height=\"716\" \/><\/p>\n<p>O Congresso Nacional decidiu, nesta quinta-feira (30), rejeitar o veto do presidente Luiz In\u00e1cio Lula da Silva ao projeto conhecido como \u201cPL da Dosimetria\u201d, que trata da redu\u00e7\u00e3o de penas aplicadas a condenados pelos atos de 8 de janeiro de 2023.<\/p>\n<p>A an\u00e1lise ocorreu em sess\u00e3o conjunta, na qual deputados e senadores votam separadamente. Para que o veto fosse derrubado, eram necess\u00e1rios pelo menos 257 votos na C\u00e2mara dos Deputados e 41 no Senado \u2014 n\u00fameros que foram superados nas duas Casas.<\/p>\n<p>Na C\u00e2mara, a derrubada do veto contou com 318 votos favor\u00e1veis e 144 contr\u00e1rios. J\u00e1 no Senado, foram registrados 49 votos pela rejei\u00e7\u00e3o do veto e 24 pela manuten\u00e7\u00e3o.<\/p>\n<p>A proposta abre possibilidade de revis\u00e3o das penas impostas a pessoas condenadas por envolvimento nos atos antidemocr\u00e1ticos, podendo alcan\u00e7ar cerca de 280 r\u00e9us. Entre os poss\u00edveis beneficiados est\u00e1 o ex-presidente Jair Bolsonaro, citado no contexto pol\u00edtico relacionado aos acontecimentos.<\/p>\n<p>Com a decis\u00e3o do Congresso Nacional, o texto segue agora para promulga\u00e7\u00e3o. O presidente da Rep\u00fablica tem um prazo de at\u00e9 48 horas para sancionar a medida. Caso isso n\u00e3o ocorra dentro do per\u00edodo previsto, a responsabilidade passa ao presidente do Senado e, posteriormente, ao vice-presidente da Casa.<\/p>\n<p>Ap\u00f3s a promulga\u00e7\u00e3o e publica\u00e7\u00e3o oficial, a nova legisla\u00e7\u00e3o entra em vigor. Ainda assim, a norma poder\u00e1 ser questionada no Supremo Tribunal Federal, que ter\u00e1 a palavra final sobre a constitucionalidade das mudan\u00e7as.<\/p>\n","protected":false},"excerpt":{"rendered":"<p>O Congresso Nacional decidiu, nesta quinta-feira (30), rejeitar o veto do presidente Luiz In\u00e1cio Lula da Silva ao projeto conhecido como \u201cPL da Dosimetria\u201d, que trata da redu\u00e7\u00e3o de penas aplicadas a condenados pelos atos de 8 de janeiro de 2023. A an\u00e1lise ocorreu em sess\u00e3o conjunta, na qual deputados e senadores votam separadamente. Para [&hellip;]<\/p>\n","protected":false},"author":2,"featured_media":124846,"comment_status":"closed","ping_status":"open","sticky":false,"template":"","format":"standard","meta":{"footnotes":"","_links_to":"","_links_to_target":""},"categories":[1],"tags":[],"class_list":["post-124845","post","type-post","status-publish","format-standard","has-post-thumbnail","hentry","category-geral"],"views":40,"_links":{"self":[{"href":"https:\/\/www.sudoestehoje.com.br\/novoportal\/wp-json\/wp\/v2\/posts\/124845","targetHints":{"allow":["GET"]}}],"collection":[{"href":"https:\/\/www.sudoestehoje.com.br\/novoportal\/wp-json\/wp\/v2\/posts"}],"about":[{"href":"https:\/\/www.sudoestehoje.com.br\/novoportal\/wp-json\/wp\/v2\/types\/post"}],"author":[{"embeddable":true,"href":"https:\/\/www.sudoestehoje.com.br\/novoportal\/wp-json\/wp\/v2\/users\/2"}],"replies":[{"embeddable":true,"href":"https:\/\/www.sudoestehoje.com.br\/novoportal\/wp-json\/wp\/v2\/comments?post=124845"}],"version-history":[{"count":2,"href":"https:\/\/www.sudoestehoje.com.br\/novoportal\/wp-json\/wp\/v2\/posts\/124845\/revisions"}],"predecessor-version":[{"id":124848,"href":"https:\/\/www.sudoestehoje.com.br\/novoportal\/wp-json\/wp\/v2\/posts\/124845\/revisions\/124848"}],"wp:featuredmedia":[{"embeddable":true,"href":"https:\/\/www.sudoestehoje.com.br\/novoportal\/wp-json\/wp\/v2\/media\/124846"}],"wp:attachment":[{"href":"https:\/\/www.sudoestehoje.com.br\/novoportal\/wp-json\/wp\/v2\/media?parent=124845"}],"wp:term":[{"taxonomy":"category","embeddable":true,"href":"https:\/\/www.sudoestehoje.com.br\/novoportal\/wp-json\/wp\/v2\/categories?post=124845"},{"taxonomy":"post_tag","embeddable":true,"href":"https:\/\/www.sudoestehoje.com.br\/novoportal\/wp-json\/wp\/v2\/tags?post=124845"}],"curies":[{"name":"wp","href":"https:\/\/api.w.org\/{rel}","templated":true}]}}