
{"id":124822,"date":"2026-04-28T10:43:56","date_gmt":"2026-04-28T13:43:56","guid":{"rendered":"https:\/\/www.sudoestehoje.com.br\/novoportal\/?p=124822"},"modified":"2026-04-28T10:43:56","modified_gmt":"2026-04-28T13:43:56","slug":"itapetinga-alegando-justa-causa-quatro-vereadores-do-mdb-de-geddel-devem-migrar-para-a-base-de-acm-neto","status":"publish","type":"post","link":"https:\/\/www.sudoestehoje.com.br\/novoportal\/2026\/04\/28\/itapetinga-alegando-justa-causa-quatro-vereadores-do-mdb-de-geddel-devem-migrar-para-a-base-de-acm-neto\/","title":{"rendered":"ITAPETINGA | ALEGANDO JUSTA CAUSA, QUATRO VEREADORES DO MDB DE GEDDEL DEVEM MIGRAR PARA A BASE DE ACM NETO"},"content":{"rendered":"<p><img loading=\"lazy\" decoding=\"async\" class=\"alignnone size-full wp-image-124826\" src=\"https:\/\/www.sudoestehoje.com.br\/novoportal\/wp-content\/uploads\/2026\/04\/WhatsApp-Image-2026-04-28-at-10.34.52.jpeg\" alt=\"\" width=\"1079\" height=\"1062\" \/><\/p>\n<p>Com a repercuss\u00e3o negativa dos \u00faltimos esc\u00e2ndalos envolvendo a maior lideran\u00e7a do MDB da Bahia, o ex-ministro Geddel Vieira Lima, quatro vereadores do partido em Itapetinga, Tel\u00ea, Tarug\u00e3o, Peto e Valquir\u00e3o, est\u00e3o decididos a ingressar no TRE com pedido de desfilia\u00e7\u00e3o, sob a alega\u00e7\u00e3o de justa causa, para se desfiliarem fora do per\u00edodo da &#8216;janela&#8217; prevista na legisla\u00e7\u00e3o eleitoral, que s\u00f3 acontecer\u00e1 daqui a 2 anos.<\/p>\n<p>O MDB de Itapetinga tem a maior bancada na C\u00e2mara Municipal, com seis vereadores, mas ficou dividido depois\u00a0 do rompimento do prefeito Eduardo Hagge com o seu sobrinho e ex-prefeito Rodrigo Hagge, hoje filiado ao PSDB, onde disputar\u00e1 uma vaga na Assembleia Legislativa da Bahia.<\/p>\n<p>Exercendo lideran\u00e7a maior no munic\u00edpio, Rodrigo Hagge lidera o seu antigo grupo na cidade, tendo vencido com folga as tr\u00eas \u00faltimas elei\u00e7\u00f5es municipais e duas estaduais pela oposi\u00e7\u00e3o e quer repetir esse feito nas elei\u00e7\u00f5es deste ano, se elegendo deputado estadual e dando a maior vota\u00e7\u00e3o da hist\u00f3ria ao candidato ao governo da Bahia, ACM Neto.<\/p>\n<p>Os vereadores Pastor Evandro e Manu Brand\u00e3o devem continuar na bancada ecl\u00e9tica do prefeito Eduardo Hagge, formada por edis do PT, PSD, PDT, PODEMOS, SD e Uni\u00e3o Brasil.<\/p>\n<p>Por Davi Ferraz<\/p>\n","protected":false},"excerpt":{"rendered":"<p>Com a repercuss\u00e3o negativa dos \u00faltimos esc\u00e2ndalos envolvendo a maior lideran\u00e7a do MDB da Bahia, o ex-ministro Geddel Vieira Lima, quatro vereadores do partido em Itapetinga, Tel\u00ea, Tarug\u00e3o, Peto e Valquir\u00e3o, est\u00e3o decididos a ingressar no TRE com pedido de desfilia\u00e7\u00e3o, sob a alega\u00e7\u00e3o de justa causa, para se desfiliarem fora do per\u00edodo da &#8216;janela&#8217; [&hellip;]<\/p>\n","protected":false},"author":2,"featured_media":124826,"comment_status":"closed","ping_status":"open","sticky":false,"template":"","format":"standard","meta":{"footnotes":"","_links_to":"","_links_to_target":""},"categories":[1],"tags":[],"class_list":["post-124822","post","type-post","status-publish","format-standard","has-post-thumbnail","hentry","category-geral"],"views":269,"_links":{"self":[{"href":"https:\/\/www.sudoestehoje.com.br\/novoportal\/wp-json\/wp\/v2\/posts\/124822","targetHints":{"allow":["GET"]}}],"collection":[{"href":"https:\/\/www.sudoestehoje.com.br\/novoportal\/wp-json\/wp\/v2\/posts"}],"about":[{"href":"https:\/\/www.sudoestehoje.com.br\/novoportal\/wp-json\/wp\/v2\/types\/post"}],"author":[{"embeddable":true,"href":"https:\/\/www.sudoestehoje.com.br\/novoportal\/wp-json\/wp\/v2\/users\/2"}],"replies":[{"embeddable":true,"href":"https:\/\/www.sudoestehoje.com.br\/novoportal\/wp-json\/wp\/v2\/comments?post=124822"}],"version-history":[{"count":6,"href":"https:\/\/www.sudoestehoje.com.br\/novoportal\/wp-json\/wp\/v2\/posts\/124822\/revisions"}],"predecessor-version":[{"id":124829,"href":"https:\/\/www.sudoestehoje.com.br\/novoportal\/wp-json\/wp\/v2\/posts\/124822\/revisions\/124829"}],"wp:featuredmedia":[{"embeddable":true,"href":"https:\/\/www.sudoestehoje.com.br\/novoportal\/wp-json\/wp\/v2\/media\/124826"}],"wp:attachment":[{"href":"https:\/\/www.sudoestehoje.com.br\/novoportal\/wp-json\/wp\/v2\/media?parent=124822"}],"wp:term":[{"taxonomy":"category","embeddable":true,"href":"https:\/\/www.sudoestehoje.com.br\/novoportal\/wp-json\/wp\/v2\/categories?post=124822"},{"taxonomy":"post_tag","embeddable":true,"href":"https:\/\/www.sudoestehoje.com.br\/novoportal\/wp-json\/wp\/v2\/tags?post=124822"}],"curies":[{"name":"wp","href":"https:\/\/api.w.org\/{rel}","templated":true}]}}