
{"id":124818,"date":"2026-04-27T11:31:41","date_gmt":"2026-04-27T14:31:41","guid":{"rendered":"https:\/\/www.sudoestehoje.com.br\/novoportal\/?p=124818"},"modified":"2026-04-27T11:31:41","modified_gmt":"2026-04-27T14:31:41","slug":"carreta-dos-correios-pega-fogo-na-br-324-e-trava-o-transito-proximo-de-salvador","status":"publish","type":"post","link":"https:\/\/www.sudoestehoje.com.br\/novoportal\/2026\/04\/27\/carreta-dos-correios-pega-fogo-na-br-324-e-trava-o-transito-proximo-de-salvador\/","title":{"rendered":"CARRETA DOS CORREIOS PEGA FOGO NA BR-324 E TRAVA O TR\u00c2NSITO PR\u00d3XIMO DE SALVADOR"},"content":{"rendered":"<p><img loading=\"lazy\" decoding=\"async\" class=\"alignnone size-full wp-image-124819\" src=\"https:\/\/www.sudoestehoje.com.br\/novoportal\/wp-content\/uploads\/2026\/04\/9V-D0gcp.jpeg\" alt=\"\" width=\"1200\" height=\"630\" \/><\/p>\n<p>Uma carreta dos Correios pegou fogo por volta das 11h30 deste domingo (26), na BR-324, nas proximidades da entrada de Santo Amaro. O ve\u00edculo seguia no sentido Salvador.<\/p>\n<p>De acordo com informa\u00e7\u00f5es iniciais, as chamas come\u00e7aram na parte traseira da carreta por motivos ainda desconhecidos. Apesar do susto, n\u00e3o h\u00e1 registro de feridos.<\/p>\n<p>Equipes da Pol\u00edcia Rodovi\u00e1ria Federal, do Departamento Nacional de Infraestrutura de Transportes e do Corpo de Bombeiros Militar da Bahia foram acionadas para controlar a situa\u00e7\u00e3o.<\/p>\n<p>O inc\u00eandio provocou lentid\u00e3o no tr\u00e1fego da rodovia, exigindo aten\u00e7\u00e3o redobrada dos motoristas que passavam pelo trecho.<\/p>\n<p>O condutor conseguiu desacoplar o cavalo mec\u00e2nico a tempo, evitando que toda a estrutura do ve\u00edculo fosse consumida pelas chamas.<\/p>\n","protected":false},"excerpt":{"rendered":"<p>Uma carreta dos Correios pegou fogo por volta das 11h30 deste domingo (26), na BR-324, nas proximidades da entrada de Santo Amaro. O ve\u00edculo seguia no sentido Salvador. De acordo com informa\u00e7\u00f5es iniciais, as chamas come\u00e7aram na parte traseira da carreta por motivos ainda desconhecidos. Apesar do susto, n\u00e3o h\u00e1 registro de feridos. Equipes da [&hellip;]<\/p>\n","protected":false},"author":2,"featured_media":124819,"comment_status":"closed","ping_status":"open","sticky":false,"template":"","format":"standard","meta":{"footnotes":"","_links_to":"","_links_to_target":""},"categories":[1],"tags":[],"class_list":["post-124818","post","type-post","status-publish","format-standard","has-post-thumbnail","hentry","category-geral"],"views":104,"_links":{"self":[{"href":"https:\/\/www.sudoestehoje.com.br\/novoportal\/wp-json\/wp\/v2\/posts\/124818","targetHints":{"allow":["GET"]}}],"collection":[{"href":"https:\/\/www.sudoestehoje.com.br\/novoportal\/wp-json\/wp\/v2\/posts"}],"about":[{"href":"https:\/\/www.sudoestehoje.com.br\/novoportal\/wp-json\/wp\/v2\/types\/post"}],"author":[{"embeddable":true,"href":"https:\/\/www.sudoestehoje.com.br\/novoportal\/wp-json\/wp\/v2\/users\/2"}],"replies":[{"embeddable":true,"href":"https:\/\/www.sudoestehoje.com.br\/novoportal\/wp-json\/wp\/v2\/comments?post=124818"}],"version-history":[{"count":2,"href":"https:\/\/www.sudoestehoje.com.br\/novoportal\/wp-json\/wp\/v2\/posts\/124818\/revisions"}],"predecessor-version":[{"id":124821,"href":"https:\/\/www.sudoestehoje.com.br\/novoportal\/wp-json\/wp\/v2\/posts\/124818\/revisions\/124821"}],"wp:featuredmedia":[{"embeddable":true,"href":"https:\/\/www.sudoestehoje.com.br\/novoportal\/wp-json\/wp\/v2\/media\/124819"}],"wp:attachment":[{"href":"https:\/\/www.sudoestehoje.com.br\/novoportal\/wp-json\/wp\/v2\/media?parent=124818"}],"wp:term":[{"taxonomy":"category","embeddable":true,"href":"https:\/\/www.sudoestehoje.com.br\/novoportal\/wp-json\/wp\/v2\/categories?post=124818"},{"taxonomy":"post_tag","embeddable":true,"href":"https:\/\/www.sudoestehoje.com.br\/novoportal\/wp-json\/wp\/v2\/tags?post=124818"}],"curies":[{"name":"wp","href":"https:\/\/api.w.org\/{rel}","templated":true}]}}