
{"id":124814,"date":"2026-04-27T11:14:03","date_gmt":"2026-04-27T14:14:03","guid":{"rendered":"https:\/\/www.sudoestehoje.com.br\/novoportal\/?p=124814"},"modified":"2026-04-27T11:14:03","modified_gmt":"2026-04-27T14:14:03","slug":"itapetinga-incerteza-e-atraso-na-divulgacao-das-atracoes-de-sao-joao-gera-criticas-da-populacao-comerciantes-e-barraqueiros","status":"publish","type":"post","link":"https:\/\/www.sudoestehoje.com.br\/novoportal\/2026\/04\/27\/itapetinga-incerteza-e-atraso-na-divulgacao-das-atracoes-de-sao-joao-gera-criticas-da-populacao-comerciantes-e-barraqueiros\/","title":{"rendered":"ITAPETINGA | INCERTEZA E ATRASO NA DIVULGA\u00c7\u00c3O DAS ATRA\u00c7\u00d5ES DE S\u00c3O JO\u00c3O GERA CR\u00cdTICAS DA POPULA\u00c7\u00c3O, COMERCIANTES E BARRAQUEIROS"},"content":{"rendered":"<p><img loading=\"lazy\" decoding=\"async\" class=\"alignnone size-full wp-image-124815\" src=\"https:\/\/www.sudoestehoje.com.br\/novoportal\/wp-content\/uploads\/2026\/04\/Foto-Joa\u0301-SouzaGOVBA2_2.jpeg\" alt=\"\" width=\"1600\" height=\"1066\" \/><\/p>\n<p>A incerteza da realiza\u00e7\u00e3o do S\u00e3o Jo\u00e3o 2026 em Itapetinga, gerada pelo atraso na divulga\u00e7\u00e3o das atra\u00e7\u00f5es e falta de confirma\u00e7\u00e3o oficial por parte da prefeitura,, tem gerado cr\u00edticas por parte de comerciantes, ambulantes, barraqueiros, da popula\u00e7\u00e3o e pessoas que dependem economicamente da festa.<\/p>\n<p>Considerado um dos festejos juninos mais procurados da regi\u00e3o Sudoeste da Bahia, o evento ainda n\u00e3o teve confirma\u00e7\u00e3o da realiza\u00e7\u00e3o garantida pelo executivo e sua grade oficial anunciada.<\/p>\n<p>Apesar disso, pessoas ligadas ao evento informaram que n\u00e3o foram contatados pela prefeitura para realiza\u00e7\u00e3o de cadastro de barracas e ambulantes, criando inseguran\u00e7a para definir o valor dos investimentos sem saber quais artistas ir\u00e3o se apresentar e qual ser\u00e1 o porte da festa neste ano.<\/p>\n<p>O com\u00e9rcio tamb\u00e9m aguarda essa defini\u00e7\u00e3o para renovar os estoques relacionados ao evento junino, sem falar dos artes\u00e3os, costureiras e cozinheiras de produtos juninos, como comidas e licores, cuja mat\u00e9ria prima precisam ser adquiridas com antecipa\u00e7\u00e3o.<\/p>\n<p>A \u00fanica manifesta\u00e7\u00e3o sobre a realiza\u00e7\u00e3o do evento veio atrav\u00e9s do secret\u00e1rio de governo da prefeitura, Geraldo Trindade, declarando que haver\u00e1 3 dias de festa &#8220;mais modesta&#8221;, e foi recebido com desconfian\u00e7a pela popula\u00e7\u00e3o e setores ligados \u00e0 festa.<\/p>\n<p>A demora tamb\u00e9m impacta diretamente o setor de aluguel de im\u00f3veis e o setor hoteleiro, j\u00e1 que propriet\u00e1rios e turistas aguardam a programa\u00e7\u00e3o para fechar negocia\u00e7\u00f5es e reservas.<\/p>\n<p>Enquanto isso, cidades da regi\u00e3o como Itoror\u00f3 e Vit\u00f3ria da Conquista j\u00e1 anunciaram diversas atra\u00e7\u00f5es para os festejos juninos e t\u00eam boa repercuss\u00e3o pelo estado.<\/p>\n<p>Se depender o prefeito Eduardo Hagge e seu &#8216;criador oficial de entraves&#8217;, n\u00e3o tem forr\u00f3 na Lagoa este ano.<\/p>\n<p>Por Davi Ferraz<\/p>\n","protected":false},"excerpt":{"rendered":"<p>A incerteza da realiza\u00e7\u00e3o do S\u00e3o Jo\u00e3o 2026 em Itapetinga, gerada pelo atraso na divulga\u00e7\u00e3o das atra\u00e7\u00f5es e falta de confirma\u00e7\u00e3o oficial por parte da prefeitura,, tem gerado cr\u00edticas por parte de comerciantes, ambulantes, barraqueiros, da popula\u00e7\u00e3o e pessoas que dependem economicamente da festa. Considerado um dos festejos juninos mais procurados da regi\u00e3o Sudoeste da [&hellip;]<\/p>\n","protected":false},"author":2,"featured_media":124815,"comment_status":"closed","ping_status":"open","sticky":false,"template":"","format":"standard","meta":{"footnotes":"","_links_to":"","_links_to_target":""},"categories":[1],"tags":[],"class_list":["post-124814","post","type-post","status-publish","format-standard","has-post-thumbnail","hentry","category-geral"],"views":96,"_links":{"self":[{"href":"https:\/\/www.sudoestehoje.com.br\/novoportal\/wp-json\/wp\/v2\/posts\/124814","targetHints":{"allow":["GET"]}}],"collection":[{"href":"https:\/\/www.sudoestehoje.com.br\/novoportal\/wp-json\/wp\/v2\/posts"}],"about":[{"href":"https:\/\/www.sudoestehoje.com.br\/novoportal\/wp-json\/wp\/v2\/types\/post"}],"author":[{"embeddable":true,"href":"https:\/\/www.sudoestehoje.com.br\/novoportal\/wp-json\/wp\/v2\/users\/2"}],"replies":[{"embeddable":true,"href":"https:\/\/www.sudoestehoje.com.br\/novoportal\/wp-json\/wp\/v2\/comments?post=124814"}],"version-history":[{"count":2,"href":"https:\/\/www.sudoestehoje.com.br\/novoportal\/wp-json\/wp\/v2\/posts\/124814\/revisions"}],"predecessor-version":[{"id":124817,"href":"https:\/\/www.sudoestehoje.com.br\/novoportal\/wp-json\/wp\/v2\/posts\/124814\/revisions\/124817"}],"wp:featuredmedia":[{"embeddable":true,"href":"https:\/\/www.sudoestehoje.com.br\/novoportal\/wp-json\/wp\/v2\/media\/124815"}],"wp:attachment":[{"href":"https:\/\/www.sudoestehoje.com.br\/novoportal\/wp-json\/wp\/v2\/media?parent=124814"}],"wp:term":[{"taxonomy":"category","embeddable":true,"href":"https:\/\/www.sudoestehoje.com.br\/novoportal\/wp-json\/wp\/v2\/categories?post=124814"},{"taxonomy":"post_tag","embeddable":true,"href":"https:\/\/www.sudoestehoje.com.br\/novoportal\/wp-json\/wp\/v2\/tags?post=124814"}],"curies":[{"name":"wp","href":"https:\/\/api.w.org\/{rel}","templated":true}]}}