
{"id":12463,"date":"2012-01-29T09:07:19","date_gmt":"2012-01-29T12:07:19","guid":{"rendered":"http:\/\/www.sudoestehoje.com.br\/novoportal\/?p=12463"},"modified":"2012-01-29T09:07:19","modified_gmt":"2012-01-29T12:07:19","slug":"itabuna-zem-costa-e-o-nome-do-psol-a-prefeitura","status":"publish","type":"post","link":"https:\/\/www.sudoestehoje.com.br\/novoportal\/2012\/01\/29\/itabuna-zem-costa-e-o-nome-do-psol-a-prefeitura\/","title":{"rendered":"ITABUNA: ZEM COSTA \u00c9 O NOME DO PSOL \u00c0 PREFEITURA"},"content":{"rendered":"<p style=\"text-align: center;\"><a href=\"http:\/\/www.sudoestehoje.com.br\/novoportal\/wp-content\/uploads\/2012\/01\/ZEM-PSOL.jpg\"><img decoding=\"async\" class=\"aligncenter size-full wp-image-12465\" title=\"ZEM PSOL\" src=\"http:\/\/www.sudoestehoje.com.br\/novoportal\/wp-content\/uploads\/2012\/01\/ZEM-PSOL.jpg\" alt=\"\" width=\"400\" \/><\/a><\/p>\n<p>Ap\u00f3s reuni\u00e3o realizada durante a noite da \u00faltima quinta-feira, foi definido o nome do pr\u00e9-candidato do PSOL \u00e0 prefeitura de Itabuna. O escolhido foi o professor Herzem Costa, 24 anos, popularmente conhecido como \u2018ZEM\u2019.<\/p>\n<p>A reuni\u00e3o, realizada entre os membros da executiva do partido e posteriormente aberta aos demais filiados, transcorreu em clima de muita alegria e satisfa\u00e7\u00e3o. O presidente do PSOL em Itabuna e membro da dire\u00e7\u00e3o nacional do partido, Thiago Souza, retirou-se disputa em prol de um projeto \u00fanico e pela consolida\u00e7\u00e3o do partido no munic\u00edpio.<\/p>\n<p>O radialista Ciro Salles e o funcion\u00e1rio p\u00fablico Carlos Correa (Ex Tend\u00eancia Marxista \u2013 PT), que tamb\u00e9m haviam disponibilizado seus nomes como pr\u00e9-candidatos, foram informados pela executiva dessa escolha, acatando, de logo, a decis\u00e3o da dire\u00e7\u00e3o, al\u00e9m de colocarem seus nomes a disposi\u00e7\u00e3o partido.<\/p>\n<p>O pr\u00e9-candidato do Partido Socialismo e Liberdade (PSOL), Zem Costa, agradeceu aos amigos que tamb\u00e9m se propunham \u00e0 pr\u00e9-candidatura interna do PSOL e afirmou que se sente honrado em poder representar o partido, que no Centen\u00e1rio do Jorge Amado, Itabuna poder\u00e1 ter um \u2018ferradense\u2019 assumindo o comando da prefeitura local.<\/p>\n<h4><\/h4>\n","protected":false},"excerpt":{"rendered":"<p>Ap\u00f3s reuni\u00e3o realizada durante a noite da \u00faltima quinta-feira, foi definido o nome do pr\u00e9-candidato do PSOL \u00e0 prefeitura de Itabuna. O escolhido foi o professor Herzem Costa, 24 anos, popularmente conhecido como \u2018ZEM\u2019. A reuni\u00e3o, realizada entre os membros da executiva do partido e posteriormente aberta aos demais filiados, transcorreu em clima de muita [&hellip;]<\/p>\n","protected":false},"author":2,"featured_media":0,"comment_status":"open","ping_status":"open","sticky":false,"template":"","format":"standard","meta":{"footnotes":"","_links_to":"","_links_to_target":""},"categories":[1],"tags":[],"class_list":["post-12463","post","type-post","status-publish","format-standard","hentry","category-geral"],"views":1399,"_links":{"self":[{"href":"https:\/\/www.sudoestehoje.com.br\/novoportal\/wp-json\/wp\/v2\/posts\/12463","targetHints":{"allow":["GET"]}}],"collection":[{"href":"https:\/\/www.sudoestehoje.com.br\/novoportal\/wp-json\/wp\/v2\/posts"}],"about":[{"href":"https:\/\/www.sudoestehoje.com.br\/novoportal\/wp-json\/wp\/v2\/types\/post"}],"author":[{"embeddable":true,"href":"https:\/\/www.sudoestehoje.com.br\/novoportal\/wp-json\/wp\/v2\/users\/2"}],"replies":[{"embeddable":true,"href":"https:\/\/www.sudoestehoje.com.br\/novoportal\/wp-json\/wp\/v2\/comments?post=12463"}],"version-history":[{"count":3,"href":"https:\/\/www.sudoestehoje.com.br\/novoportal\/wp-json\/wp\/v2\/posts\/12463\/revisions"}],"predecessor-version":[{"id":12467,"href":"https:\/\/www.sudoestehoje.com.br\/novoportal\/wp-json\/wp\/v2\/posts\/12463\/revisions\/12467"}],"wp:attachment":[{"href":"https:\/\/www.sudoestehoje.com.br\/novoportal\/wp-json\/wp\/v2\/media?parent=12463"}],"wp:term":[{"taxonomy":"category","embeddable":true,"href":"https:\/\/www.sudoestehoje.com.br\/novoportal\/wp-json\/wp\/v2\/categories?post=12463"},{"taxonomy":"post_tag","embeddable":true,"href":"https:\/\/www.sudoestehoje.com.br\/novoportal\/wp-json\/wp\/v2\/tags?post=12463"}],"curies":[{"name":"wp","href":"https:\/\/api.w.org\/{rel}","templated":true}]}}