
{"id":124591,"date":"2026-03-17T09:06:09","date_gmt":"2026-03-17T12:06:09","guid":{"rendered":"https:\/\/www.sudoestehoje.com.br\/novoportal\/?p=124591"},"modified":"2026-03-17T09:06:09","modified_gmt":"2026-03-17T12:06:09","slug":"acidente-envolvendo-nove-veiculos-deixa-1-morto-e-6-feridos-na-br-324-entre-feira-e-salvador","status":"publish","type":"post","link":"https:\/\/www.sudoestehoje.com.br\/novoportal\/2026\/03\/17\/acidente-envolvendo-nove-veiculos-deixa-1-morto-e-6-feridos-na-br-324-entre-feira-e-salvador\/","title":{"rendered":"ACIDENTE ENVOLVENDO NOVE VE\u00cdCULOS DEIXA 1 MORTO E 6 FERIDOS NA BR-324, ENTRE FEIRA E SALVADOR"},"content":{"rendered":"<p data-pm-slice=\"1 1 []\"><img loading=\"lazy\" decoding=\"async\" class=\"alignnone size-full wp-image-124593\" src=\"https:\/\/www.sudoestehoje.com.br\/novoportal\/wp-content\/uploads\/2026\/03\/WhatsApp-Image-2026-03-17-at-09.03.17.jpeg\" alt=\"\" width=\"1075\" height=\"642\" \/><\/p>\n<p data-pm-slice=\"1 1 []\">Um acidente envolvendo nove ve\u00edculos,\u00a0 incluindo carros de passeio, um caminh\u00e3o e uma carreta,\u00a0deixou\u00a0uma morte e seis pessoas feridas at\u00e9 o momento no trecho do munic\u00edpio de\u00a0Am\u00e9lia Rodrigues, na BR-324, sentido Salvador. A via segue interditada nesta segunda-feira (16)\u00a0e os ve\u00edculos precisam usar o acostamento para conseguir transitar.<\/p>\n<p>De acordo com a unidade Pol\u00edcia Rodovi\u00e1ria Federal (PRF) em\u00a0Sim\u00f5es Filho, ao Bahia Not\u00edcias (<em>BN<\/em>), a colis\u00e3o m\u00faltipla ocorreu por volta das 13h. O impacto foi severo que um dos ve\u00edculos de passeio ficou completamente destru\u00eddo, reduzido a ferragens retorcidas.<\/p>\n<p>Al\u00e9m disso, um\u00a0caminh\u00e3o envolvido no engavetamento saiu da pista e tombou em uma vala lateral da rodovia. Equipes de resgate\u00a0do Corpo de Bombeiros da Bahia foram deslocadas imediatamente para o local e j\u00e1 atendem as v\u00edtimas.<\/p>\n","protected":false},"excerpt":{"rendered":"<p>Um acidente envolvendo nove ve\u00edculos,\u00a0 incluindo carros de passeio, um caminh\u00e3o e uma carreta,\u00a0deixou\u00a0uma morte e seis pessoas feridas at\u00e9 o momento no trecho do munic\u00edpio de\u00a0Am\u00e9lia Rodrigues, na BR-324, sentido Salvador. A via segue interditada nesta segunda-feira (16)\u00a0e os ve\u00edculos precisam usar o acostamento para conseguir transitar. De acordo com a unidade Pol\u00edcia Rodovi\u00e1ria [&hellip;]<\/p>\n","protected":false},"author":2,"featured_media":124593,"comment_status":"closed","ping_status":"open","sticky":false,"template":"","format":"standard","meta":{"footnotes":"","_links_to":"","_links_to_target":""},"categories":[1],"tags":[],"class_list":["post-124591","post","type-post","status-publish","format-standard","has-post-thumbnail","hentry","category-geral"],"views":291,"_links":{"self":[{"href":"https:\/\/www.sudoestehoje.com.br\/novoportal\/wp-json\/wp\/v2\/posts\/124591","targetHints":{"allow":["GET"]}}],"collection":[{"href":"https:\/\/www.sudoestehoje.com.br\/novoportal\/wp-json\/wp\/v2\/posts"}],"about":[{"href":"https:\/\/www.sudoestehoje.com.br\/novoportal\/wp-json\/wp\/v2\/types\/post"}],"author":[{"embeddable":true,"href":"https:\/\/www.sudoestehoje.com.br\/novoportal\/wp-json\/wp\/v2\/users\/2"}],"replies":[{"embeddable":true,"href":"https:\/\/www.sudoestehoje.com.br\/novoportal\/wp-json\/wp\/v2\/comments?post=124591"}],"version-history":[{"count":2,"href":"https:\/\/www.sudoestehoje.com.br\/novoportal\/wp-json\/wp\/v2\/posts\/124591\/revisions"}],"predecessor-version":[{"id":124594,"href":"https:\/\/www.sudoestehoje.com.br\/novoportal\/wp-json\/wp\/v2\/posts\/124591\/revisions\/124594"}],"wp:featuredmedia":[{"embeddable":true,"href":"https:\/\/www.sudoestehoje.com.br\/novoportal\/wp-json\/wp\/v2\/media\/124593"}],"wp:attachment":[{"href":"https:\/\/www.sudoestehoje.com.br\/novoportal\/wp-json\/wp\/v2\/media?parent=124591"}],"wp:term":[{"taxonomy":"category","embeddable":true,"href":"https:\/\/www.sudoestehoje.com.br\/novoportal\/wp-json\/wp\/v2\/categories?post=124591"},{"taxonomy":"post_tag","embeddable":true,"href":"https:\/\/www.sudoestehoje.com.br\/novoportal\/wp-json\/wp\/v2\/tags?post=124591"}],"curies":[{"name":"wp","href":"https:\/\/api.w.org\/{rel}","templated":true}]}}