
{"id":124585,"date":"2026-03-17T08:34:40","date_gmt":"2026-03-17T11:34:40","guid":{"rendered":"https:\/\/www.sudoestehoje.com.br\/novoportal\/?p=124585"},"modified":"2026-03-17T08:34:40","modified_gmt":"2026-03-17T11:34:40","slug":"atrazo-prefeitura-de-itapetinga-usa-lampadas-residenciais-na-iluminacao-publica","status":"publish","type":"post","link":"https:\/\/www.sudoestehoje.com.br\/novoportal\/2026\/03\/17\/atrazo-prefeitura-de-itapetinga-usa-lampadas-residenciais-na-iluminacao-publica\/","title":{"rendered":"ATRAZO | PREFEITURA DE ITAPETINGA USA L\u00c2MPADAS RESIDENCIAIS NA ILUMINA\u00c7\u00c3O P\u00daBLICA"},"content":{"rendered":"<p><img loading=\"lazy\" decoding=\"async\" class=\"alignnone size-full wp-image-124587\" src=\"https:\/\/www.sudoestehoje.com.br\/novoportal\/wp-content\/uploads\/2026\/03\/WhatsApp-Image-2026-03-16-at-18.30.46.jpeg\" alt=\"\" width=\"1078\" height=\"1290\" \/><\/p>\n<p>Sem material adequado para manuten\u00e7\u00e3o da rede de ilumina\u00e7\u00e3o p\u00fablica nas vias da cidade, o secret\u00e1rio Luciano Almeida teve a &#8216;ideia genial&#8217; de repor as l\u00e2mpadas led queimadas com l\u00e2mpadas residenciais de 50 e 80w, o que tem gerado reclama\u00e7\u00f5es por parte de moradores de diversos bairros, que continuam \u00e0s escuras.<\/p>\n<p>A desculpa \u00e9 de que n\u00e3o est\u00e1 havendo licita\u00e7\u00e3o para aquisi\u00e7\u00e3o de l\u00e2mpadas adequadas, quando na verdade o fato \u00e9 outro: atraso de 14 meses no pagamento da empresa contratada para fazer a manuten\u00e7\u00e3o de toda a ilumina\u00e7\u00e3o das ruas da cidade.<\/p>\n<p>Falta de recursos n\u00e3o \u00e9, uma vez que a Taxa de Ilumina\u00e7\u00e3o P\u00fablica- TIP j\u00e1 vem embutida nas contas de energia da Coelba pagas pela popula\u00e7\u00e3o, mensalmente.<\/p>\n<p>Segundo o blog apurou, sobra dinheiro, mas tamb\u00e9m sobra INOPER\u00c2NCIA por parte do prefeito e sua equipe &#8216;faz de conta&#8217;, que n\u00e3o conhece gest\u00e3o p\u00fablica e s\u00f3 atua no IMPROVISO.<\/p>\n<p>L\u00e2mpadas residenciais em poste de ilumina\u00e7\u00e3o p\u00fablica e coisa atrasada do tempo de &#8216;Seu Juvino&#8217;, primeiro prefeito da cidade.<\/p>\n<p>A Pra\u00e7a Dairy Valley est\u00e1 \u00e0s escuras (foto).<\/p>\n<p>Davi Ferraz<\/p>\n","protected":false},"excerpt":{"rendered":"<p>Sem material adequado para manuten\u00e7\u00e3o da rede de ilumina\u00e7\u00e3o p\u00fablica nas vias da cidade, o secret\u00e1rio Luciano Almeida teve a &#8216;ideia genial&#8217; de repor as l\u00e2mpadas led queimadas com l\u00e2mpadas residenciais de 50 e 80w, o que tem gerado reclama\u00e7\u00f5es por parte de moradores de diversos bairros, que continuam \u00e0s escuras. A desculpa \u00e9 de [&hellip;]<\/p>\n","protected":false},"author":2,"featured_media":124587,"comment_status":"closed","ping_status":"open","sticky":false,"template":"","format":"standard","meta":{"footnotes":"","_links_to":"","_links_to_target":""},"categories":[1],"tags":[],"class_list":["post-124585","post","type-post","status-publish","format-standard","has-post-thumbnail","hentry","category-geral"],"views":278,"_links":{"self":[{"href":"https:\/\/www.sudoestehoje.com.br\/novoportal\/wp-json\/wp\/v2\/posts\/124585","targetHints":{"allow":["GET"]}}],"collection":[{"href":"https:\/\/www.sudoestehoje.com.br\/novoportal\/wp-json\/wp\/v2\/posts"}],"about":[{"href":"https:\/\/www.sudoestehoje.com.br\/novoportal\/wp-json\/wp\/v2\/types\/post"}],"author":[{"embeddable":true,"href":"https:\/\/www.sudoestehoje.com.br\/novoportal\/wp-json\/wp\/v2\/users\/2"}],"replies":[{"embeddable":true,"href":"https:\/\/www.sudoestehoje.com.br\/novoportal\/wp-json\/wp\/v2\/comments?post=124585"}],"version-history":[{"count":4,"href":"https:\/\/www.sudoestehoje.com.br\/novoportal\/wp-json\/wp\/v2\/posts\/124585\/revisions"}],"predecessor-version":[{"id":124590,"href":"https:\/\/www.sudoestehoje.com.br\/novoportal\/wp-json\/wp\/v2\/posts\/124585\/revisions\/124590"}],"wp:featuredmedia":[{"embeddable":true,"href":"https:\/\/www.sudoestehoje.com.br\/novoportal\/wp-json\/wp\/v2\/media\/124587"}],"wp:attachment":[{"href":"https:\/\/www.sudoestehoje.com.br\/novoportal\/wp-json\/wp\/v2\/media?parent=124585"}],"wp:term":[{"taxonomy":"category","embeddable":true,"href":"https:\/\/www.sudoestehoje.com.br\/novoportal\/wp-json\/wp\/v2\/categories?post=124585"},{"taxonomy":"post_tag","embeddable":true,"href":"https:\/\/www.sudoestehoje.com.br\/novoportal\/wp-json\/wp\/v2\/tags?post=124585"}],"curies":[{"name":"wp","href":"https:\/\/api.w.org\/{rel}","templated":true}]}}