
{"id":124575,"date":"2026-03-16T10:06:57","date_gmt":"2026-03-16T13:06:57","guid":{"rendered":"https:\/\/www.sudoestehoje.com.br\/novoportal\/?p=124575"},"modified":"2026-03-16T10:08:04","modified_gmt":"2026-03-16T13:08:04","slug":"frustracao-filme-brasileiro-o-agente-secreto-perde-em-todas-as-categorias-no-oscar-e-o-brasil-sai-sem-estatuetas","status":"publish","type":"post","link":"https:\/\/www.sudoestehoje.com.br\/novoportal\/2026\/03\/16\/frustracao-filme-brasileiro-o-agente-secreto-perde-em-todas-as-categorias-no-oscar-e-o-brasil-sai-sem-estatuetas\/","title":{"rendered":"FRUSTRA\u00c7\u00c3O | FILME BRASILEIRO &#8220;O AGENTE SECRETO&#8221; PERDE EM TODAS AS CATEGORIAS NO OSCAR E O BRASIL SAI SEM NENHUMA ESTATUETA"},"content":{"rendered":"<p><img loading=\"lazy\" decoding=\"async\" class=\"alignnone size-full wp-image-124576\" src=\"https:\/\/www.sudoestehoje.com.br\/novoportal\/wp-content\/uploads\/2026\/03\/WhatsApp-Image-2026-03-16-at-10.01.28.jpeg\" alt=\"\" width=\"1075\" height=\"680\" \/><\/p>\n<p>O filme brasileiro O Agente Secreto, dirigido por Kleber Mendon\u00e7a Filho e estrelado por Wagner Moura, encerrou sua participa\u00e7\u00e3o no Oscar 2026 sem conquistar pr\u00eamios. A cerim\u00f4nia foi realizada neste domingo (15), em Los Angeles, nos Estados Unidos.<\/p>\n<p>Indicado em quatro categorias, o longa brasileiro foi derrotado em todas. Na disputa de Melhor Ator, Wagner Moura perdeu a estatueta para Michael B. Jordan, premiado por sua atua\u00e7\u00e3o em Pecadores. Moura tamb\u00e9m participou da cerim\u00f4nia como um dos apresentadores da premia\u00e7\u00e3o.<\/p>\n<p>Na categoria de Melhor Filme Internacional, o vencedor foi Valor Sentimental. J\u00e1 o pr\u00eamio de Melhor Filme ficou com Uma Batalha Ap\u00f3s A Outra, que tamb\u00e9m levou o trof\u00e9u de Melhor Elenco.<\/p>\n<p>Com as quatro indica\u00e7\u00f5es e nenhuma vit\u00f3ria, O Agente Secreto repete o desempenho de Cidade de Deus, dirigido por Fernando Meirelles e K\u00e1tia Lund, que tamb\u00e9m concorreu em quatro categorias no Oscar de 2004 e n\u00e3o venceu nenhuma.<\/p>\n","protected":false},"excerpt":{"rendered":"<p>O filme brasileiro O Agente Secreto, dirigido por Kleber Mendon\u00e7a Filho e estrelado por Wagner Moura, encerrou sua participa\u00e7\u00e3o no Oscar 2026 sem conquistar pr\u00eamios. A cerim\u00f4nia foi realizada neste domingo (15), em Los Angeles, nos Estados Unidos. Indicado em quatro categorias, o longa brasileiro foi derrotado em todas. Na disputa de Melhor Ator, Wagner [&hellip;]<\/p>\n","protected":false},"author":2,"featured_media":124576,"comment_status":"closed","ping_status":"open","sticky":false,"template":"","format":"standard","meta":{"footnotes":"","_links_to":"","_links_to_target":""},"categories":[1],"tags":[],"class_list":["post-124575","post","type-post","status-publish","format-standard","has-post-thumbnail","hentry","category-geral"],"views":544,"_links":{"self":[{"href":"https:\/\/www.sudoestehoje.com.br\/novoportal\/wp-json\/wp\/v2\/posts\/124575","targetHints":{"allow":["GET"]}}],"collection":[{"href":"https:\/\/www.sudoestehoje.com.br\/novoportal\/wp-json\/wp\/v2\/posts"}],"about":[{"href":"https:\/\/www.sudoestehoje.com.br\/novoportal\/wp-json\/wp\/v2\/types\/post"}],"author":[{"embeddable":true,"href":"https:\/\/www.sudoestehoje.com.br\/novoportal\/wp-json\/wp\/v2\/users\/2"}],"replies":[{"embeddable":true,"href":"https:\/\/www.sudoestehoje.com.br\/novoportal\/wp-json\/wp\/v2\/comments?post=124575"}],"version-history":[{"count":2,"href":"https:\/\/www.sudoestehoje.com.br\/novoportal\/wp-json\/wp\/v2\/posts\/124575\/revisions"}],"predecessor-version":[{"id":124578,"href":"https:\/\/www.sudoestehoje.com.br\/novoportal\/wp-json\/wp\/v2\/posts\/124575\/revisions\/124578"}],"wp:featuredmedia":[{"embeddable":true,"href":"https:\/\/www.sudoestehoje.com.br\/novoportal\/wp-json\/wp\/v2\/media\/124576"}],"wp:attachment":[{"href":"https:\/\/www.sudoestehoje.com.br\/novoportal\/wp-json\/wp\/v2\/media?parent=124575"}],"wp:term":[{"taxonomy":"category","embeddable":true,"href":"https:\/\/www.sudoestehoje.com.br\/novoportal\/wp-json\/wp\/v2\/categories?post=124575"},{"taxonomy":"post_tag","embeddable":true,"href":"https:\/\/www.sudoestehoje.com.br\/novoportal\/wp-json\/wp\/v2\/tags?post=124575"}],"curies":[{"name":"wp","href":"https:\/\/api.w.org\/{rel}","templated":true}]}}