
{"id":124569,"date":"2026-03-12T09:31:05","date_gmt":"2026-03-12T12:31:05","guid":{"rendered":"https:\/\/www.sudoestehoje.com.br\/novoportal\/?p=124569"},"modified":"2026-03-12T09:31:05","modified_gmt":"2026-03-12T12:31:05","slug":"eleicoes-acm-neto-lidera-nova-pesquisa-real-time-para-o-governo-da-bahia","status":"publish","type":"post","link":"https:\/\/www.sudoestehoje.com.br\/novoportal\/2026\/03\/12\/eleicoes-acm-neto-lidera-nova-pesquisa-real-time-para-o-governo-da-bahia\/","title":{"rendered":"ELEI\u00c7\u00d5ES | ACM NETO LIDERA NOVA PESQUISA REAL TIME PARA O GOVERNO DA BAHIA"},"content":{"rendered":"<p><img loading=\"lazy\" decoding=\"async\" class=\"alignnone size-full wp-image-124571\" src=\"https:\/\/www.sudoestehoje.com.br\/novoportal\/wp-content\/uploads\/2026\/03\/acm-neto-e-jeronimo-disputa-eleitoral.jpg\" alt=\"\" width=\"1007\" height=\"557\" \/><\/p>\n<p>Uma pesquisa divulgada pelo instituto Real Time Big Data nesta quinta-feira (12) mostra ACM Neto (Uni\u00e3o Brasil) e Jer\u00f4nimo Rodrigues (PT) , polarizando a disputa eleitoral para o Governo da Bahia neste ano.<\/p>\n<p>De acordo com o levantamento, o ex-prefeito de Salvador aparece liderando as inten\u00e7\u00f5es de voto com 44%, contra 39% de Jer\u00f4nimo.<\/p>\n<div>\n<div class=\"trv-player-container\">\n<div class=\"trv-wrapper\">\n<div id=\"br_video_player_8954df3ce54c07c435708497edbf429dc3c659f9\" class=\"trvd_video_player trvdinstream\">\n<div class=\"media-player\">\n<div class=\"trv-video\">\n<div id=\"truvid_ima_container34063\" class=\"truvid_ima_container\">\n<div>Em seguida, aparecem Jos\u00e9 Carlos Aleluia (Novo) e Ronaldo Mansur (PSOL), ambos com 2%. Votos brancos e nulos somam 8% e outros 5% n\u00e3o sabe ou n\u00e3o responderam.<\/div>\n<\/div>\n<\/div>\n<\/div>\n<\/div>\n<\/div>\n<\/div>\n<\/div>\n<p>O instituto entrevistou 2.000 pessoas entre os 10 e 11 de mar\u00e7o. A margem de erro \u00e9 de\u00a0 2 pontos percentuais para mais ou para menos, com intervalo de confian\u00e7a de 95%. O levantamento foi registrado no Tribunal Superior Eleitoral sob o n\u00famero BA-08855\/2026.<\/p>\n","protected":false},"excerpt":{"rendered":"<p>Uma pesquisa divulgada pelo instituto Real Time Big Data nesta quinta-feira (12) mostra ACM Neto (Uni\u00e3o Brasil) e Jer\u00f4nimo Rodrigues (PT) , polarizando a disputa eleitoral para o Governo da Bahia neste ano. De acordo com o levantamento, o ex-prefeito de Salvador aparece liderando as inten\u00e7\u00f5es de voto com 44%, contra 39% de Jer\u00f4nimo. Em [&hellip;]<\/p>\n","protected":false},"author":2,"featured_media":124571,"comment_status":"closed","ping_status":"open","sticky":false,"template":"","format":"standard","meta":{"footnotes":"","_links_to":"","_links_to_target":""},"categories":[1],"tags":[],"class_list":["post-124569","post","type-post","status-publish","format-standard","has-post-thumbnail","hentry","category-geral"],"views":330,"_links":{"self":[{"href":"https:\/\/www.sudoestehoje.com.br\/novoportal\/wp-json\/wp\/v2\/posts\/124569","targetHints":{"allow":["GET"]}}],"collection":[{"href":"https:\/\/www.sudoestehoje.com.br\/novoportal\/wp-json\/wp\/v2\/posts"}],"about":[{"href":"https:\/\/www.sudoestehoje.com.br\/novoportal\/wp-json\/wp\/v2\/types\/post"}],"author":[{"embeddable":true,"href":"https:\/\/www.sudoestehoje.com.br\/novoportal\/wp-json\/wp\/v2\/users\/2"}],"replies":[{"embeddable":true,"href":"https:\/\/www.sudoestehoje.com.br\/novoportal\/wp-json\/wp\/v2\/comments?post=124569"}],"version-history":[{"count":1,"href":"https:\/\/www.sudoestehoje.com.br\/novoportal\/wp-json\/wp\/v2\/posts\/124569\/revisions"}],"predecessor-version":[{"id":124572,"href":"https:\/\/www.sudoestehoje.com.br\/novoportal\/wp-json\/wp\/v2\/posts\/124569\/revisions\/124572"}],"wp:featuredmedia":[{"embeddable":true,"href":"https:\/\/www.sudoestehoje.com.br\/novoportal\/wp-json\/wp\/v2\/media\/124571"}],"wp:attachment":[{"href":"https:\/\/www.sudoestehoje.com.br\/novoportal\/wp-json\/wp\/v2\/media?parent=124569"}],"wp:term":[{"taxonomy":"category","embeddable":true,"href":"https:\/\/www.sudoestehoje.com.br\/novoportal\/wp-json\/wp\/v2\/categories?post=124569"},{"taxonomy":"post_tag","embeddable":true,"href":"https:\/\/www.sudoestehoje.com.br\/novoportal\/wp-json\/wp\/v2\/tags?post=124569"}],"curies":[{"name":"wp","href":"https:\/\/api.w.org\/{rel}","templated":true}]}}