
{"id":124562,"date":"2026-03-12T08:42:55","date_gmt":"2026-03-12T11:42:55","guid":{"rendered":"https:\/\/www.sudoestehoje.com.br\/novoportal\/?p=124562"},"modified":"2026-03-12T09:02:33","modified_gmt":"2026-03-12T12:02:33","slug":"itapetinga-medicos-do-hospital-virginia-hagge-paralisam-atividades-por-falta-de-pagamento","status":"publish","type":"post","link":"https:\/\/www.sudoestehoje.com.br\/novoportal\/2026\/03\/12\/itapetinga-medicos-do-hospital-virginia-hagge-paralisam-atividades-por-falta-de-pagamento\/","title":{"rendered":"ITAPETINGA | M\u00c9DICOS DO HOSPITAL VIRG\u00cdNIA HAGGE PARALISAM ATIVIDADES POR FALTA DE PAGAMENTO"},"content":{"rendered":"<p><img loading=\"lazy\" decoding=\"async\" class=\"alignnone size-full wp-image-124563\" src=\"https:\/\/www.sudoestehoje.com.br\/novoportal\/wp-content\/uploads\/2026\/03\/f059f437-137f-4fdf-9046-5c2675343680-600x326-1.jpg\" alt=\"\" width=\"600\" height=\"326\" \/><\/p>\n<p>Nesta quarta-feira (11), o corpo de anestesistas do Hospital Virg\u00ednia Hagge, em Itapetinga, decidiu, mais uma vez, paralisar as atividades m\u00e9dicas na unidade, por falta de pagamento e descumprimento de acordos anteriores pactuados com o chefe do executivo e sua secret\u00e1ria de sa\u00fade.<\/p>\n<p>A decis\u00e3o foi formalizada atrav\u00e9s de of\u00edcio encaminhado ao prefeito Eduardo Hagge e \u00e0 secretaria Milena Orrico.<\/p>\n<p>Alegando &#8220;inseguran\u00e7a operacional&#8221;, os anestesistas do HVH s\u00f3 devem retornar \u00e0 unidade ap\u00f3s efetivo pagamento dos valores estipulados no contrato e acordos n\u00e3o cumpridos pela prefeitura.<\/p>\n<p>At\u00e9 l\u00e1, fica <strong><em>&#8216;proibido parir&#8217;<\/em><\/strong> no munic\u00edpio de Itapetinga.<\/p>\n<p>Que vergonha!!!<\/p>\n<p>Davi Ferraz<\/p>\n","protected":false},"excerpt":{"rendered":"<p>Nesta quarta-feira (11), o corpo de anestesistas do Hospital Virg\u00ednia Hagge, em Itapetinga, decidiu, mais uma vez, paralisar as atividades m\u00e9dicas na unidade, por falta de pagamento e descumprimento de acordos anteriores pactuados com o chefe do executivo e sua secret\u00e1ria de sa\u00fade. A decis\u00e3o foi formalizada atrav\u00e9s de of\u00edcio encaminhado ao prefeito Eduardo Hagge [&hellip;]<\/p>\n","protected":false},"author":2,"featured_media":124563,"comment_status":"closed","ping_status":"open","sticky":false,"template":"","format":"standard","meta":{"footnotes":"","_links_to":"","_links_to_target":""},"categories":[1],"tags":[],"class_list":["post-124562","post","type-post","status-publish","format-standard","has-post-thumbnail","hentry","category-geral"],"views":920,"_links":{"self":[{"href":"https:\/\/www.sudoestehoje.com.br\/novoportal\/wp-json\/wp\/v2\/posts\/124562","targetHints":{"allow":["GET"]}}],"collection":[{"href":"https:\/\/www.sudoestehoje.com.br\/novoportal\/wp-json\/wp\/v2\/posts"}],"about":[{"href":"https:\/\/www.sudoestehoje.com.br\/novoportal\/wp-json\/wp\/v2\/types\/post"}],"author":[{"embeddable":true,"href":"https:\/\/www.sudoestehoje.com.br\/novoportal\/wp-json\/wp\/v2\/users\/2"}],"replies":[{"embeddable":true,"href":"https:\/\/www.sudoestehoje.com.br\/novoportal\/wp-json\/wp\/v2\/comments?post=124562"}],"version-history":[{"count":4,"href":"https:\/\/www.sudoestehoje.com.br\/novoportal\/wp-json\/wp\/v2\/posts\/124562\/revisions"}],"predecessor-version":[{"id":124568,"href":"https:\/\/www.sudoestehoje.com.br\/novoportal\/wp-json\/wp\/v2\/posts\/124562\/revisions\/124568"}],"wp:featuredmedia":[{"embeddable":true,"href":"https:\/\/www.sudoestehoje.com.br\/novoportal\/wp-json\/wp\/v2\/media\/124563"}],"wp:attachment":[{"href":"https:\/\/www.sudoestehoje.com.br\/novoportal\/wp-json\/wp\/v2\/media?parent=124562"}],"wp:term":[{"taxonomy":"category","embeddable":true,"href":"https:\/\/www.sudoestehoje.com.br\/novoportal\/wp-json\/wp\/v2\/categories?post=124562"},{"taxonomy":"post_tag","embeddable":true,"href":"https:\/\/www.sudoestehoje.com.br\/novoportal\/wp-json\/wp\/v2\/tags?post=124562"}],"curies":[{"name":"wp","href":"https:\/\/api.w.org\/{rel}","templated":true}]}}