
{"id":12446,"date":"2012-01-28T06:13:11","date_gmt":"2012-01-28T09:13:11","guid":{"rendered":"http:\/\/www.sudoestehoje.com.br\/novoportal\/?p=12446"},"modified":"2012-01-28T06:16:26","modified_gmt":"2012-01-28T09:16:26","slug":"itabuna-juiz-afasta-vereadores-apos-denuncia-do-mp","status":"publish","type":"post","link":"https:\/\/www.sudoestehoje.com.br\/novoportal\/2012\/01\/28\/itabuna-juiz-afasta-vereadores-apos-denuncia-do-mp\/","title":{"rendered":"ITABUNA: JUIZ AFASTA VEREADORES AP\u00d3S DEN\u00daNCIA DO MP"},"content":{"rendered":"<p><img decoding=\"async\" class=\"aligncenter\" src=\"http:\/\/1.bp.blogspot.com\/_zqbQXAFH2SQ\/TTBoB5y_R4I\/AAAAAAAAAE0\/s8Y9qawN5GU\/s1600\/1295009213.jpg\" alt=\"\" width=\"400\" \/><\/p>\n<p>&nbsp;<\/p>\n<p>Os vereadores Roberto de Souza, Cl\u00f3vis Loiola e Ricardo Bacelar, de Itabuna, foram afastados, na noite da quinta-feira, da C\u00e2mara. O afastamento foi conseguido, atrav\u00e9s da Justi\u00e7a, pelo promotor Inoc\u00eancio Carvalho. Os tr\u00eas vereadores s\u00e3o acusados de desviar cerca de 3 milh\u00f5es de reais em 2009 e 2010. O juiz da Vara C\u00edvel, Comercial e da Fazenda P\u00fablica de Itabuna, Gustavo Pequeno, deferiu o pedido de afastamento. Os supostos desvios teriam acontecido no per\u00edodo em que Loiola ocupou o cargo de presidente da C\u00e2mara. Bacelar, Loiola e Souza s\u00e3o acusados tamb\u00e9m pelo MP de fraudarem processos licitat\u00f3rios, fazendo a contrata\u00e7\u00e3o de servi\u00e7os para a C\u00e2mara. As informa\u00e7\u00f5es s\u00e3o do <em>Radar Not\u00edcias<\/em>.<\/p>\n<p>SUPLENTES TOMAM POSSE<\/p>\n<p>&nbsp;<\/p>\n<p><img decoding=\"async\" class=\"aligncenter\" src=\"http:\/\/www.pimenta.blog.br\/wp-content\/uploads\/j%C3%BAnior-brand%C3%A3o-gleb%C3%A3o-e-nadson-monteiro.jpg\" alt=\"\" width=\"400\" \/><\/p>\n<p>Numa cerim\u00f4nia de pouco mais de dez minutos, a Mesa Diretora da C\u00e2mara empossou os suplentes Glaby Carvalho de Andrade, o Gleb\u00e3o (PV), J\u00fanior Brand\u00e3o (PT) e Nadson Monteiro (PPS). Eles assumem mandato por 90 dias em lugar dos vereadores Ricardo Bacelar (PSC), Roberto de Souza (PR) e Cl\u00f3vis Loiola (PSDC).<\/p>\n<p>Os tr\u00eas vereadores\u00a0<a href=\"http:\/\/www.pimenta.blog.br\/2012\/01\/27\/loiolagate-justica-afasta-3-vereadores\/\" target=\"_blank\">foram afastados do cargo pelo juiz da 2\u00aa Vara C\u00edvel e da Fazenda P\u00fablica, Gustavo Silva Pequeno, ao atender a pedido do Minist\u00e9rio P\u00fablico estadual<\/a>, que investiga desvios de aproximadamente R$ 564 mil destinados a pagamento de publicidade e divulga\u00e7\u00e3o de atos institucionais da C\u00e2mara de Vereadores. <em>Pimenta<\/em><\/p>\n","protected":false},"excerpt":{"rendered":"<p>&nbsp; Os vereadores Roberto de Souza, Cl\u00f3vis Loiola e Ricardo Bacelar, de Itabuna, foram afastados, na noite da quinta-feira, da C\u00e2mara. O afastamento foi conseguido, atrav\u00e9s da Justi\u00e7a, pelo promotor Inoc\u00eancio Carvalho. Os tr\u00eas vereadores s\u00e3o acusados de desviar cerca de 3 milh\u00f5es de reais em 2009 e 2010. O juiz da Vara C\u00edvel, Comercial [&hellip;]<\/p>\n","protected":false},"author":2,"featured_media":0,"comment_status":"open","ping_status":"open","sticky":false,"template":"","format":"standard","meta":{"footnotes":"","_links_to":"","_links_to_target":""},"categories":[1],"tags":[],"class_list":["post-12446","post","type-post","status-publish","format-standard","hentry","category-geral"],"views":1531,"_links":{"self":[{"href":"https:\/\/www.sudoestehoje.com.br\/novoportal\/wp-json\/wp\/v2\/posts\/12446","targetHints":{"allow":["GET"]}}],"collection":[{"href":"https:\/\/www.sudoestehoje.com.br\/novoportal\/wp-json\/wp\/v2\/posts"}],"about":[{"href":"https:\/\/www.sudoestehoje.com.br\/novoportal\/wp-json\/wp\/v2\/types\/post"}],"author":[{"embeddable":true,"href":"https:\/\/www.sudoestehoje.com.br\/novoportal\/wp-json\/wp\/v2\/users\/2"}],"replies":[{"embeddable":true,"href":"https:\/\/www.sudoestehoje.com.br\/novoportal\/wp-json\/wp\/v2\/comments?post=12446"}],"version-history":[{"count":6,"href":"https:\/\/www.sudoestehoje.com.br\/novoportal\/wp-json\/wp\/v2\/posts\/12446\/revisions"}],"predecessor-version":[{"id":12451,"href":"https:\/\/www.sudoestehoje.com.br\/novoportal\/wp-json\/wp\/v2\/posts\/12446\/revisions\/12451"}],"wp:attachment":[{"href":"https:\/\/www.sudoestehoje.com.br\/novoportal\/wp-json\/wp\/v2\/media?parent=12446"}],"wp:term":[{"taxonomy":"category","embeddable":true,"href":"https:\/\/www.sudoestehoje.com.br\/novoportal\/wp-json\/wp\/v2\/categories?post=12446"},{"taxonomy":"post_tag","embeddable":true,"href":"https:\/\/www.sudoestehoje.com.br\/novoportal\/wp-json\/wp\/v2\/tags?post=12446"}],"curies":[{"name":"wp","href":"https:\/\/api.w.org\/{rel}","templated":true}]}}